{"id":6089,"date":"2025-11-06T16:10:00","date_gmt":"2025-11-06T16:10:00","guid":{"rendered":"https:\/\/provinciadigital.com.ar\/?p=6089"},"modified":"2026-01-08T04:15:48","modified_gmt":"2026-01-08T04:15:48","slug":"san-fernando-se-prepara-para-una-nueva-edicion-del-salon-nautico","status":"publish","type":"post","link":"https:\/\/provinciadigital.com.ar\/?p=6089","title":{"rendered":"SAN FERNANDO SE PREPARA PARA UNA NUEVA EDICI\u00d3N DEL SAL\u00d3N NAUTICO"},"content":{"rendered":"\n<p>El partido de San Fernando se prepara para recibir una nueva edici\u00f3n del Sal\u00f3n N\u00e1utico, uno de los eventos m\u00e1s importantes vinculados a la actividad fluvial y a la industria n\u00e1utica del pa\u00eds. La exposici\u00f3n tendr\u00e1 lugar en el Parque N\u00e1utico local y reunir\u00e1 a empresas, fabricantes, emprendedores y aficionados, consolidando al distrito como un polo estrat\u00e9gico del sector en la regi\u00f3n.<\/p>\n\n\n\n<p>El Sal\u00f3n N\u00e1utico contar\u00e1 con la participaci\u00f3n de marcas nacionales e internacionales, que exhibir\u00e1n embarcaciones, motores, accesorios y servicios especializados. Adem\u00e1s de los stands en tierra, habr\u00e1 demostraciones en el agua, presentaciones t\u00e9cnicas y espacios destinados a la innovaci\u00f3n, lo que convierte al evento en una referencia obligada tanto para profesionales como para el p\u00fablico general.<\/p>\n\n\n\n<p>Desde el Municipio destacaron que la organizaci\u00f3n del sal\u00f3n implica un importante trabajo log\u00edstico y de infraestructura, con el objetivo de garantizar seguridad, accesibilidad y una experiencia de calidad para los visitantes. Tambi\u00e9n se prev\u00e9 un impacto positivo en la econom\u00eda local, impulsando la actividad comercial, tur\u00edstica y gastron\u00f3mica de San Fernando durante los d\u00edas de la muestra.<\/p>\n\n\n\n<p>Con una fuerte identidad ligada al r\u00edo y a la vida n\u00e1utica, San Fernando busca reafirmar su rol como capital n\u00e1utica de la regi\u00f3n, promoviendo el desarrollo productivo y el v\u00ednculo con el Delta. El nuevo Sal\u00f3n N\u00e1utico se presenta as\u00ed como una oportunidad para mostrar el potencial del distrito y fortalecer su proyecci\u00f3n a nivel provincial y nacional.<\/p>\n","protected":false},"excerpt":{"rendered":"<p>El partido de San Fernando se prepara para recibir una nueva edici\u00f3n del Sal\u00f3n N\u00e1utico, uno de los eventos m\u00e1s importantes vinculados a la actividad fluvial y a la industria n\u00e1utica del pa\u00eds. La exposici\u00f3n tendr\u00e1 lugar en el Parque N\u00e1utico local y reunir\u00e1 a empresas, fabricantes, emprendedores y aficionados, consolidando al distrito como un [&hellip;]<\/p>\n","protected":false},"author":1,"featured_media":6092,"comment_status":"open","ping_status":"open","sticky":false,"template":"","format":"standard","meta":{"footnotes":""},"categories":[116],"tags":[201,202,200],"class_list":{"0":"post-6089","1":"post","2":"type-post","3":"status-publish","4":"format-standard","5":"has-post-thumbnail","7":"category-san-fernando","8":"tag-cacel","9":"tag-salon-nautico","10":"tag-san-fernando"},"_links":{"self":[{"href":"https:\/\/provinciadigital.com.ar\/index.php?rest_route=\/wp\/v2\/posts\/6089","targetHints":{"allow":["GET"]}}],"collection":[{"href":"https:\/\/provinciadigital.com.ar\/index.php?rest_route=\/wp\/v2\/posts"}],"about":[{"href":"https:\/\/provinciadigital.com.ar\/index.php?rest_route=\/wp\/v2\/types\/post"}],"author":[{"embeddable":true,"href":"https:\/\/provinciadigital.com.ar\/index.php?rest_route=\/wp\/v2\/users\/1"}],"replies":[{"embeddable":true,"href":"https:\/\/provinciadigital.com.ar\/index.php?rest_route=%2Fwp%2Fv2%2Fcomments&post=6089"}],"version-history":[{"count":1,"href":"https:\/\/provinciadigital.com.ar\/index.php?rest_route=\/wp\/v2\/posts\/6089\/revisions"}],"predecessor-version":[{"id":6091,"href":"https:\/\/provinciadigital.com.ar\/index.php?rest_route=\/wp\/v2\/posts\/6089\/revisions\/6091"}],"wp:featuredmedia":[{"embeddable":true,"href":"https:\/\/provinciadigital.com.ar\/index.php?rest_route=\/wp\/v2\/media\/6092"}],"wp:attachment":[{"href":"https:\/\/provinciadigital.com.ar\/index.php?rest_route=%2Fwp%2Fv2%2Fmedia&parent=6089"}],"wp:term":[{"taxonomy":"category","embeddable":true,"href":"https:\/\/provinciadigital.com.ar\/index.php?rest_route=%2Fwp%2Fv2%2Fcategories&post=6089"},{"taxonomy":"post_tag","embeddable":true,"href":"https:\/\/provinciadigital.com.ar\/index.php?rest_route=%2Fwp%2Fv2%2Ftags&post=6089"}],"curies":[{"name":"wp","href":"https:\/\/api.w.org\/{rel}","templated":true}]}}