{"id":743,"date":"2018-07-20T01:46:33","date_gmt":"2018-07-20T01:46:33","guid":{"rendered":"http:\/\/provinciadigital.com.ar\/?p=743"},"modified":"2018-07-20T01:46:33","modified_gmt":"2018-07-20T01:46:33","slug":"nueva-reunion-del-club-de-ciencias-en-nuestra-localidad","status":"publish","type":"post","link":"https:\/\/provinciadigital.com.ar\/?p=743","title":{"rendered":"NUEVA REUNI\u00d3N DEL CLUB DE CIENCIAS EN NUESTRA LOCALIDAD"},"content":{"rendered":"<p>El pasado30 de junio se reunieron miembros del club Cient\u00edfica \u2013 Mente para analizar nuestras actividades y futuras acciones de trabajo. En un marco ameno, distendido y compartiendo unos ricos mates se fijaron puntos de trabajo para afianzar la organizaci\u00f3n interna y el trabajo realizado hasta el momento como as\u00ed tambi\u00e9n se propusieron diversas ideas.<\/p>\n<p>Se propuso realizar una serie de talleres de nivel b\u00e1sico sobre diferentes tem\u00e1ticas.<\/p>\n<p>1.- CONCEPTOS BASICOS Y PRACTICOS DE UNA INSTALACION EL\u00c9CTRICA DOMICILIARIA&#8221;<\/p>\n<p>Este taller de dictar\u00e1 el s\u00e1bado 21 de julio en Mart\u00edn Coronado 1475 &#8211; Rinc\u00f3n de Milberg a las 15 Hs. y tendr\u00e1 una duraci\u00f3n de 2 horas, posiblemente sea el primero de una serie de tres tratando de abordar esta tem\u00e1tica en forma m\u00e1s completa. Se dar\u00e1 m\u00e1s informaci\u00f3n en los pr\u00f3ximos d\u00edas.<\/p>\n<p>2.- &#8220;CONOCE QUE ES LA REFRIGERACI\u00d3N PRINCIPIOS B\u00c1SICOS Y PRACTICOS\u201d.<\/p>\n<p>3.- &#8221; QUE ES EL CAMBIO CLIMATICO, PASADO, PRESENTE Y FUTURO&#8221;.<\/p>\n<p>4.- &#8220;JUGANDO CON EL MAGNETISMO&#8221; para chicos de 6 a 12 a\u00f1os.<\/p>\n<p>5.- &#8220;PREVENCION Y SEGURIDAD EN LA CASA; PRIMEROS AUXILIOS&#8221;.<\/p>\n<p>El Club de Ciencia CIENTIFICA-MENTE agradece a todos sus seguidores y los invita a cada uno desde su lugar a aportar ideas y proyectos que beneficien a la comunidad y favorezcan a nuestro crecimiento intelectual y cultural.<\/p>\n<p>Humberto Gonz\u00e1lez<\/p>\n","protected":false},"excerpt":{"rendered":"<p>El pasado30 de junio se reunieron miembros del club Cient\u00edfica \u2013 Mente para analizar nuestras actividades y futuras acciones de trabajo. En un marco ameno, distendido y compartiendo unos ricos mates se fijaron puntos de trabajo para afianzar la organizaci\u00f3n interna y el trabajo realizado hasta el momento como as\u00ed tambi\u00e9n se propusieron diversas ideas. [&hellip;]<\/p>\n","protected":false},"author":1,"featured_media":744,"comment_status":"open","ping_status":"open","sticky":false,"template":"","format":"standard","meta":{"footnotes":""},"categories":[21],"tags":[],"class_list":{"0":"post-743","1":"post","2":"type-post","3":"status-publish","4":"format-standard","5":"has-post-thumbnail","7":"category-municipio"},"_links":{"self":[{"href":"https:\/\/provinciadigital.com.ar\/index.php?rest_route=\/wp\/v2\/posts\/743","targetHints":{"allow":["GET"]}}],"collection":[{"href":"https:\/\/provinciadigital.com.ar\/index.php?rest_route=\/wp\/v2\/posts"}],"about":[{"href":"https:\/\/provinciadigital.com.ar\/index.php?rest_route=\/wp\/v2\/types\/post"}],"author":[{"embeddable":true,"href":"https:\/\/provinciadigital.com.ar\/index.php?rest_route=\/wp\/v2\/users\/1"}],"replies":[{"embeddable":true,"href":"https:\/\/provinciadigital.com.ar\/index.php?rest_route=%2Fwp%2Fv2%2Fcomments&post=743"}],"version-history":[{"count":1,"href":"https:\/\/provinciadigital.com.ar\/index.php?rest_route=\/wp\/v2\/posts\/743\/revisions"}],"predecessor-version":[{"id":745,"href":"https:\/\/provinciadigital.com.ar\/index.php?rest_route=\/wp\/v2\/posts\/743\/revisions\/745"}],"wp:featuredmedia":[{"embeddable":true,"href":"https:\/\/provinciadigital.com.ar\/index.php?rest_route=\/wp\/v2\/media\/744"}],"wp:attachment":[{"href":"https:\/\/provinciadigital.com.ar\/index.php?rest_route=%2Fwp%2Fv2%2Fmedia&parent=743"}],"wp:term":[{"taxonomy":"category","embeddable":true,"href":"https:\/\/provinciadigital.com.ar\/index.php?rest_route=%2Fwp%2Fv2%2Fcategories&post=743"},{"taxonomy":"post_tag","embeddable":true,"href":"https:\/\/provinciadigital.com.ar\/index.php?rest_route=%2Fwp%2Fv2%2Ftags&post=743"}],"curies":[{"name":"wp","href":"https:\/\/api.w.org\/{rel}","templated":true}]}}