{"id":816,"date":"2018-07-26T02:14:45","date_gmt":"2018-07-26T02:14:45","guid":{"rendered":"http:\/\/provinciadigital.com.ar\/?p=816"},"modified":"2018-07-26T02:14:45","modified_gmt":"2018-07-26T02:14:45","slug":"feria-de-la-colectividades-en-la-plaza-de-el-zorzal","status":"publish","type":"post","link":"https:\/\/provinciadigital.com.ar\/?p=816","title":{"rendered":"FERIA DE LA COLECTIVIDADES EN LA PLAZA DE EL ZORZAL"},"content":{"rendered":"<p>El Municipio de Tigre organiz\u00f3 una nueva edici\u00f3n de la Feria de las Colectividades, el evento que mezcla gastronom\u00eda, arte y m\u00fasica en vivo. En esta oportunidad, cientos de familias disfrutaron de la propuesta en la plaza El Zorzal, de General Pacheco, durante cinco d\u00edas consecutivos.<\/p>\n<p>El mi\u00e9rcoles 20 de junio, iniciaron la jornada el payaso &#8220;Quim Quim&#8221;, de Benav\u00eddez y la banda de cumbia &#8220;Tumbando ca\u00f1a&#8221;, de la localidad de Don Torcuato. Al d\u00eda siguiente, cerr\u00f3 la fecha la artista folcl\u00f3rica Gabriela Aguilera; mientras que el viernes 22 el grupo &#8220;Chula y Chuchuluco&#8221;, alegr\u00f3 al p\u00fablico infantil.<\/p>\n<p>La diversi\u00f3n continu\u00f3 el fin de semana: el s\u00e1bado, el artista Luis T\u00edteres dio inicio a la fiesta y lo siguieron los ballets de Don Torcuato &#8220;Nuestras Ra\u00edces&#8221; y &#8220;Sangre Folklorica&#8221;. M\u00e1s tarde lleg\u00f3 el turno de la cantante de El Talar, Luz Palavecino y de Mirta Uguet.<\/p>\n<p>El \u00faltimo d\u00eda, hubo una clase abierta de ritmos latinos y un show del artista &#8220;Nacho Coraz\u00f3n&#8221;, tambi\u00e9n se sumaron al espect\u00e1culo el grupo de rock &#8220;Reggio&#8221;, de Pacheco y la banda de jazz y blues oriunda de Don Torcuato, &#8220;Los Carrangueros&#8221;. El cierre de la jornada estuvo a cargo del conjunto de cumbia &#8220;Soni2\u201d.<\/p>\n","protected":false},"excerpt":{"rendered":"<p>El Municipio de Tigre organiz\u00f3 una nueva edici\u00f3n de la Feria de las Colectividades, el evento que mezcla gastronom\u00eda, arte y m\u00fasica en vivo. En esta oportunidad, cientos de familias disfrutaron de la propuesta en la plaza El Zorzal, de General Pacheco, durante cinco d\u00edas consecutivos. El mi\u00e9rcoles 20 de junio, iniciaron la jornada el [&hellip;]<\/p>\n","protected":false},"author":1,"featured_media":817,"comment_status":"open","ping_status":"open","sticky":false,"template":"","format":"standard","meta":{"footnotes":""},"categories":[15],"tags":[],"class_list":{"0":"post-816","1":"post","2":"type-post","3":"status-publish","4":"format-standard","5":"has-post-thumbnail","7":"category-pacheco-digital"},"_links":{"self":[{"href":"https:\/\/provinciadigital.com.ar\/index.php?rest_route=\/wp\/v2\/posts\/816","targetHints":{"allow":["GET"]}}],"collection":[{"href":"https:\/\/provinciadigital.com.ar\/index.php?rest_route=\/wp\/v2\/posts"}],"about":[{"href":"https:\/\/provinciadigital.com.ar\/index.php?rest_route=\/wp\/v2\/types\/post"}],"author":[{"embeddable":true,"href":"https:\/\/provinciadigital.com.ar\/index.php?rest_route=\/wp\/v2\/users\/1"}],"replies":[{"embeddable":true,"href":"https:\/\/provinciadigital.com.ar\/index.php?rest_route=%2Fwp%2Fv2%2Fcomments&post=816"}],"version-history":[{"count":1,"href":"https:\/\/provinciadigital.com.ar\/index.php?rest_route=\/wp\/v2\/posts\/816\/revisions"}],"predecessor-version":[{"id":818,"href":"https:\/\/provinciadigital.com.ar\/index.php?rest_route=\/wp\/v2\/posts\/816\/revisions\/818"}],"wp:featuredmedia":[{"embeddable":true,"href":"https:\/\/provinciadigital.com.ar\/index.php?rest_route=\/wp\/v2\/media\/817"}],"wp:attachment":[{"href":"https:\/\/provinciadigital.com.ar\/index.php?rest_route=%2Fwp%2Fv2%2Fmedia&parent=816"}],"wp:term":[{"taxonomy":"category","embeddable":true,"href":"https:\/\/provinciadigital.com.ar\/index.php?rest_route=%2Fwp%2Fv2%2Fcategories&post=816"},{"taxonomy":"post_tag","embeddable":true,"href":"https:\/\/provinciadigital.com.ar\/index.php?rest_route=%2Fwp%2Fv2%2Ftags&post=816"}],"curies":[{"name":"wp","href":"https:\/\/api.w.org\/{rel}","templated":true}]}}