{"id":825,"date":"2018-07-26T02:25:32","date_gmt":"2018-07-26T02:25:32","guid":{"rendered":"http:\/\/provinciadigital.com.ar\/?p=825"},"modified":"2018-07-26T02:25:32","modified_gmt":"2018-07-26T02:25:32","slug":"la-blanqueria-un-espacio-para-descubrir-nuevas-altenativas-para-tu-hogar","status":"publish","type":"post","link":"https:\/\/provinciadigital.com.ar\/?p=825","title":{"rendered":"LA BLANQUER\u00cdA: UN ESPACIO PARA DESCUBRIR NUEVAS ALTENATIVAS PARA TU HOGAR"},"content":{"rendered":"<p>A trav\u00e9s de nuestra revista cada mes presentamos a los vecinos nuevos comercios o servicios para conocer en nuestros centros comerciales. En esta ocasi\u00f3n nos encontramos con Cecilia en La Blanquer\u00eda, un nuevo local ubicado en el centro de nuestra ciudad.<\/p>\n<p>Junto a Elizabeth nos cuenta que eligieron Gral. Pacheco por su constante crecimiento y porque en el \u00faltimo tiempo vieron que importantes marcas desembarcaron en el centro comercial.<\/p>\n<p>Ya conversando sobre las particularidades del negocio Cecilia indica que cuentan con una s\u00f3lida experiencia, ya que cuentan con otro local en Villa Ballester con 60 a\u00f1os en el rubro \u201cEsto nos permiti\u00f3 capacitar a las chicas para que puedan tener un conocimiento sobre las distintas calidades, variedades y medidas de los productos que ofrecemos, fundamental a la hora de realizar una atenci\u00f3n personalizada para los clientes m\u00e1s exigentes\u201d.<\/p>\n<p>El local ofrece una variada gama de sabanas de marcas conocidas y mercader\u00eda importada, completando la ropa de cama con frazadas en corderito y polar, cubre colchones y sommiers\u00a0 y acolchados semil pulm\u00f3n para todos los tama\u00f1os de camas. Adem\u00e1s Covers\u00a0 y almohadas viscoel\u00e1sticas.<\/p>\n<p>A la hora de hablar de las toallas y toallones nos comentan que hay disponibles en distintos pesos, ya que la calidad del producto se mide por la cantidad de hilos con la que fueron confeccionados \u201cTenemos el toall\u00f3n de atleta \u201cultra compacto\u201d y tambi\u00e9n batas para ni\u00f1os y adultos\u201d a\u00f1ade Fernanda encargada del local quien comparte la entrevista con nosotros.<\/p>\n<p>Sabanitas, chichoneras y frazadas con corderito, acolchados infantiles con distintos personajes y una gran variedad de art\u00edculos exclusivos est\u00e1n disponibles para bebes y ni\u00f1os.<\/p>\n<p>Finalmente nos cuentan la gama de cortinas que tienen en stock, Roller&#8217;s (black out screen), persianas Americanas (sistema alem\u00e1n) y de diferentes telas tanto para salas, dormitorios, cocinas o ba\u00f1os.<\/p>\n<p>Realmente La Blanquer\u00eda es un lugar para renovarse y encontrar para ello, variedad, calidad y buen precio. Para quienes quieran conocer su local y aprovechar la promoci\u00f3n de tres pagos con todas las tarjetas sin inter\u00e9s pueden acercase de lunes a viernes, en horario corrido, de 8.30 a 20.30 Hs. y los S\u00e1bados de 9 a 20.30 en Hip\u00f3lito Yrigoyen 816 en Pacheco, y por consultas pueden comunicarse al tel\u00e9fono 11 2842 5478.<\/p>\n","protected":false},"excerpt":{"rendered":"<p>A trav\u00e9s de nuestra revista cada mes presentamos a los vecinos nuevos comercios o servicios para conocer en nuestros centros comerciales. En esta ocasi\u00f3n nos encontramos con Cecilia en La Blanquer\u00eda, un nuevo local ubicado en el centro de nuestra ciudad. Junto a Elizabeth nos cuenta que eligieron Gral. Pacheco por su constante crecimiento y [&hellip;]<\/p>\n","protected":false},"author":1,"featured_media":826,"comment_status":"open","ping_status":"open","sticky":false,"template":"","format":"standard","meta":{"footnotes":""},"categories":[15],"tags":[],"class_list":{"0":"post-825","1":"post","2":"type-post","3":"status-publish","4":"format-standard","5":"has-post-thumbnail","7":"category-pacheco-digital"},"_links":{"self":[{"href":"https:\/\/provinciadigital.com.ar\/index.php?rest_route=\/wp\/v2\/posts\/825","targetHints":{"allow":["GET"]}}],"collection":[{"href":"https:\/\/provinciadigital.com.ar\/index.php?rest_route=\/wp\/v2\/posts"}],"about":[{"href":"https:\/\/provinciadigital.com.ar\/index.php?rest_route=\/wp\/v2\/types\/post"}],"author":[{"embeddable":true,"href":"https:\/\/provinciadigital.com.ar\/index.php?rest_route=\/wp\/v2\/users\/1"}],"replies":[{"embeddable":true,"href":"https:\/\/provinciadigital.com.ar\/index.php?rest_route=%2Fwp%2Fv2%2Fcomments&post=825"}],"version-history":[{"count":1,"href":"https:\/\/provinciadigital.com.ar\/index.php?rest_route=\/wp\/v2\/posts\/825\/revisions"}],"predecessor-version":[{"id":827,"href":"https:\/\/provinciadigital.com.ar\/index.php?rest_route=\/wp\/v2\/posts\/825\/revisions\/827"}],"wp:featuredmedia":[{"embeddable":true,"href":"https:\/\/provinciadigital.com.ar\/index.php?rest_route=\/wp\/v2\/media\/826"}],"wp:attachment":[{"href":"https:\/\/provinciadigital.com.ar\/index.php?rest_route=%2Fwp%2Fv2%2Fmedia&parent=825"}],"wp:term":[{"taxonomy":"category","embeddable":true,"href":"https:\/\/provinciadigital.com.ar\/index.php?rest_route=%2Fwp%2Fv2%2Fcategories&post=825"},{"taxonomy":"post_tag","embeddable":true,"href":"https:\/\/provinciadigital.com.ar\/index.php?rest_route=%2Fwp%2Fv2%2Ftags&post=825"}],"curies":[{"name":"wp","href":"https:\/\/api.w.org\/{rel}","templated":true}]}}