{"id":829,"date":"2018-07-26T02:35:45","date_gmt":"2018-07-26T02:35:45","guid":{"rendered":"http:\/\/provinciadigital.com.ar\/?p=829"},"modified":"2018-07-26T02:35:45","modified_gmt":"2018-07-26T02:35:45","slug":"gran-pena-de-la-tercera-edad-en-el-polideportivo-mariano-moreno","status":"publish","type":"post","link":"https:\/\/provinciadigital.com.ar\/?p=829","title":{"rendered":"GRAN PE\u00d1A DE LA TERCERA EDAD EN EL POLIDEPORTIVO MARIANO MORENO"},"content":{"rendered":"<p>El Municipio de Tigre organiz\u00f3 una nueva edici\u00f3n de la Pe\u00f1a de la Tercera Edad, que convoc\u00f3 a m\u00e1s de 600 adultos mayores de los polideportivos y centros de jubilados locales. El intendente Julio Zamora acompa\u00f1\u00f3 la jornada, que incluy\u00f3 a lo largo de la tarde shows de m\u00fasica, baile y sorteos.<\/p>\n<p>\u201cTodos los a\u00f1os hacemos estos eventos, que son una excusas para reunir a todos los adultos mayores en un \u00e1mbito festivo. Estamos para acompa\u00f1ar a muchos abuelos que quiz\u00e1s no tienen familia y encuentran en el polideportivo un lugar para vincularse con personas\u201d, destac\u00f3 Zamora.<\/p>\n<p>La pe\u00f1a tuvo lugar en las instalaciones del polideportivo Mariano Moreno de Troncos de Talar, donde adultos mayores se acercaron a compartir un almuerzo y una jornada de recreaci\u00f3n junto a sus pares. Tambi\u00e9n disfrutaron de juegos de mesa y bailes tradicionales.<\/p>\n<p>La iniciativa adem\u00e1s cont\u00f3 con los shows musicales de Rodrigo \u201cChino\u201d Luna y los Hermanitos Esp\u00edndola. Antes de terminar el encuentro, se realizaron sorteos de electrodom\u00e9sticos y productos electr\u00f3nicos para los abuelos.<\/p>\n<p>Los polideportivos llevan adelante actividades como aquagym, yoga, gimnasia y zumba; y adem\u00e1s cuentan con un equipo m\u00e9dico, psic\u00f3logas y trabajos de estimulaci\u00f3n de la memoria constantes. Los bailes de integraci\u00f3n son realizados por los centros deportivos generalmente a mediados de junio y en el D\u00eda del Jubilado, celebrado cada 21 de septiembre.<\/p>\n<p>Estuvieron presentes, el concejal, Luis Samyn Duc\u00f3; el secretario General y de Econom\u00eda, Fernando Laur\u00eda; el director general de Entidades Intermedias, Ariel Arnedo; el director general de Programas Deportivos, Julio Nocioni ; el director de Tercera Edad, Norberto de Rentis, y dem\u00e1s autoridades municipales.<\/p>\n","protected":false},"excerpt":{"rendered":"<p>El Municipio de Tigre organiz\u00f3 una nueva edici\u00f3n de la Pe\u00f1a de la Tercera Edad, que convoc\u00f3 a m\u00e1s de 600 adultos mayores de los polideportivos y centros de jubilados locales. El intendente Julio Zamora acompa\u00f1\u00f3 la jornada, que incluy\u00f3 a lo largo de la tarde shows de m\u00fasica, baile y sorteos. \u201cTodos los a\u00f1os [&hellip;]<\/p>\n","protected":false},"author":1,"featured_media":831,"comment_status":"open","ping_status":"open","sticky":false,"template":"","format":"standard","meta":{"footnotes":""},"categories":[15],"tags":[],"class_list":{"0":"post-829","1":"post","2":"type-post","3":"status-publish","4":"format-standard","5":"has-post-thumbnail","7":"category-pacheco-digital"},"_links":{"self":[{"href":"https:\/\/provinciadigital.com.ar\/index.php?rest_route=\/wp\/v2\/posts\/829","targetHints":{"allow":["GET"]}}],"collection":[{"href":"https:\/\/provinciadigital.com.ar\/index.php?rest_route=\/wp\/v2\/posts"}],"about":[{"href":"https:\/\/provinciadigital.com.ar\/index.php?rest_route=\/wp\/v2\/types\/post"}],"author":[{"embeddable":true,"href":"https:\/\/provinciadigital.com.ar\/index.php?rest_route=\/wp\/v2\/users\/1"}],"replies":[{"embeddable":true,"href":"https:\/\/provinciadigital.com.ar\/index.php?rest_route=%2Fwp%2Fv2%2Fcomments&post=829"}],"version-history":[{"count":1,"href":"https:\/\/provinciadigital.com.ar\/index.php?rest_route=\/wp\/v2\/posts\/829\/revisions"}],"predecessor-version":[{"id":832,"href":"https:\/\/provinciadigital.com.ar\/index.php?rest_route=\/wp\/v2\/posts\/829\/revisions\/832"}],"wp:featuredmedia":[{"embeddable":true,"href":"https:\/\/provinciadigital.com.ar\/index.php?rest_route=\/wp\/v2\/media\/831"}],"wp:attachment":[{"href":"https:\/\/provinciadigital.com.ar\/index.php?rest_route=%2Fwp%2Fv2%2Fmedia&parent=829"}],"wp:term":[{"taxonomy":"category","embeddable":true,"href":"https:\/\/provinciadigital.com.ar\/index.php?rest_route=%2Fwp%2Fv2%2Fcategories&post=829"},{"taxonomy":"post_tag","embeddable":true,"href":"https:\/\/provinciadigital.com.ar\/index.php?rest_route=%2Fwp%2Fv2%2Ftags&post=829"}],"curies":[{"name":"wp","href":"https:\/\/api.w.org\/{rel}","templated":true}]}}