{"id":833,"date":"2018-07-26T02:38:16","date_gmt":"2018-07-26T02:38:16","guid":{"rendered":"http:\/\/provinciadigital.com.ar\/?p=833"},"modified":"2018-07-26T02:38:16","modified_gmt":"2018-07-26T02:38:16","slug":"avanza-el-plan-de-poda-en-gral-pacheco","status":"publish","type":"post","link":"https:\/\/provinciadigital.com.ar\/?p=833","title":{"rendered":"AVANZA EL PLAN DE PODA EN GRAL. PACHECO"},"content":{"rendered":"<p>El Municipio de Tigre contin\u00faa con el Plan de Poda 2018 en la localidad de General Pacheco. Se llevaron adelante trabajos en las calles Ant\u00e1rtida Argentina, Diagonal Jos\u00e9 Manuel Estrada y Santiago del Estero.<\/p>\n<p>Las labores de poda buscan preservar el tendido el\u00e9ctrico, y despejar se\u00f1alizaciones y luminarias, con el fin de preservar la seguridad de peatones y conductores.<\/p>\n<p>Con el Plan de poda 2018 se intervendr\u00e1n m\u00e1s de 18 mil \u00e1rboles a pedido de los vecinos. Los trabajos se desarrollar\u00e1n todo el a\u00f1o, en m\u00e1s localidades del partido.<\/p>\n<p>Para m\u00e1s informaci\u00f3n, comunicarse con la Direcci\u00f3n de Espacios Verdes, al 4512-4522 \/ 37 o al 0800-122-TIGRE (84473).<\/p>\n","protected":false},"excerpt":{"rendered":"<p>El Municipio de Tigre contin\u00faa con el Plan de Poda 2018 en la localidad de General Pacheco. Se llevaron adelante trabajos en las calles Ant\u00e1rtida Argentina, Diagonal Jos\u00e9 Manuel Estrada y Santiago del Estero. Las labores de poda buscan preservar el tendido el\u00e9ctrico, y despejar se\u00f1alizaciones y luminarias, con el fin de preservar la seguridad [&hellip;]<\/p>\n","protected":false},"author":1,"featured_media":834,"comment_status":"open","ping_status":"open","sticky":false,"template":"","format":"standard","meta":{"footnotes":""},"categories":[15],"tags":[],"class_list":{"0":"post-833","1":"post","2":"type-post","3":"status-publish","4":"format-standard","5":"has-post-thumbnail","7":"category-pacheco-digital"},"_links":{"self":[{"href":"https:\/\/provinciadigital.com.ar\/index.php?rest_route=\/wp\/v2\/posts\/833","targetHints":{"allow":["GET"]}}],"collection":[{"href":"https:\/\/provinciadigital.com.ar\/index.php?rest_route=\/wp\/v2\/posts"}],"about":[{"href":"https:\/\/provinciadigital.com.ar\/index.php?rest_route=\/wp\/v2\/types\/post"}],"author":[{"embeddable":true,"href":"https:\/\/provinciadigital.com.ar\/index.php?rest_route=\/wp\/v2\/users\/1"}],"replies":[{"embeddable":true,"href":"https:\/\/provinciadigital.com.ar\/index.php?rest_route=%2Fwp%2Fv2%2Fcomments&post=833"}],"version-history":[{"count":1,"href":"https:\/\/provinciadigital.com.ar\/index.php?rest_route=\/wp\/v2\/posts\/833\/revisions"}],"predecessor-version":[{"id":835,"href":"https:\/\/provinciadigital.com.ar\/index.php?rest_route=\/wp\/v2\/posts\/833\/revisions\/835"}],"wp:featuredmedia":[{"embeddable":true,"href":"https:\/\/provinciadigital.com.ar\/index.php?rest_route=\/wp\/v2\/media\/834"}],"wp:attachment":[{"href":"https:\/\/provinciadigital.com.ar\/index.php?rest_route=%2Fwp%2Fv2%2Fmedia&parent=833"}],"wp:term":[{"taxonomy":"category","embeddable":true,"href":"https:\/\/provinciadigital.com.ar\/index.php?rest_route=%2Fwp%2Fv2%2Fcategories&post=833"},{"taxonomy":"post_tag","embeddable":true,"href":"https:\/\/provinciadigital.com.ar\/index.php?rest_route=%2Fwp%2Fv2%2Ftags&post=833"}],"curies":[{"name":"wp","href":"https:\/\/api.w.org\/{rel}","templated":true}]}}