{"id":842,"date":"2018-07-26T02:46:24","date_gmt":"2018-07-26T02:46:24","guid":{"rendered":"http:\/\/provinciadigital.com.ar\/?p=842"},"modified":"2018-07-26T02:46:24","modified_gmt":"2018-07-26T02:46:24","slug":"nuevas-veredas-en-la-utn","status":"publish","type":"post","link":"https:\/\/provinciadigital.com.ar\/?p=842","title":{"rendered":"NUEVAS VEREDAS EN LA UTN"},"content":{"rendered":"<p>El Municipio de Tigre contin\u00faa con la restauraci\u00f3n de veredas en la localidad de General Pacheco.<\/p>\n<p>En esta oportunidad, se trabaj\u00f3 sobre la construcci\u00f3n y pintura en la entrada de la Universidad Tecnol\u00f3gica Nacional (UTN).<\/p>\n<p>Las obras llevadas adelante por el personal municipal en las calles y veredas del distrito, buscan mejorar la circulaci\u00f3n de veh\u00edculos y peatones en la zona.<\/p>\n<p>Para mayor informaci\u00f3n, comunicarse con la Subsecretar\u00eda de Servicios Auxiliares, al 4512-4255.<\/p>\n<p>Tambi\u00e9n pueden dirigirse a la delegaci\u00f3n de General Pacheco ubicada en Santiago del Estero 310, los lunes a viernes de 8 a 15hs. o contactarse al 4512-9970\/71.<\/p>\n","protected":false},"excerpt":{"rendered":"<p>El Municipio de Tigre contin\u00faa con la restauraci\u00f3n de veredas en la localidad de General Pacheco. En esta oportunidad, se trabaj\u00f3 sobre la construcci\u00f3n y pintura en la entrada de la Universidad Tecnol\u00f3gica Nacional (UTN). Las obras llevadas adelante por el personal municipal en las calles y veredas del distrito, buscan mejorar la circulaci\u00f3n de [&hellip;]<\/p>\n","protected":false},"author":1,"featured_media":843,"comment_status":"open","ping_status":"open","sticky":false,"template":"","format":"standard","meta":{"footnotes":""},"categories":[15],"tags":[],"class_list":{"0":"post-842","1":"post","2":"type-post","3":"status-publish","4":"format-standard","5":"has-post-thumbnail","7":"category-pacheco-digital"},"_links":{"self":[{"href":"https:\/\/provinciadigital.com.ar\/index.php?rest_route=\/wp\/v2\/posts\/842","targetHints":{"allow":["GET"]}}],"collection":[{"href":"https:\/\/provinciadigital.com.ar\/index.php?rest_route=\/wp\/v2\/posts"}],"about":[{"href":"https:\/\/provinciadigital.com.ar\/index.php?rest_route=\/wp\/v2\/types\/post"}],"author":[{"embeddable":true,"href":"https:\/\/provinciadigital.com.ar\/index.php?rest_route=\/wp\/v2\/users\/1"}],"replies":[{"embeddable":true,"href":"https:\/\/provinciadigital.com.ar\/index.php?rest_route=%2Fwp%2Fv2%2Fcomments&post=842"}],"version-history":[{"count":1,"href":"https:\/\/provinciadigital.com.ar\/index.php?rest_route=\/wp\/v2\/posts\/842\/revisions"}],"predecessor-version":[{"id":844,"href":"https:\/\/provinciadigital.com.ar\/index.php?rest_route=\/wp\/v2\/posts\/842\/revisions\/844"}],"wp:featuredmedia":[{"embeddable":true,"href":"https:\/\/provinciadigital.com.ar\/index.php?rest_route=\/wp\/v2\/media\/843"}],"wp:attachment":[{"href":"https:\/\/provinciadigital.com.ar\/index.php?rest_route=%2Fwp%2Fv2%2Fmedia&parent=842"}],"wp:term":[{"taxonomy":"category","embeddable":true,"href":"https:\/\/provinciadigital.com.ar\/index.php?rest_route=%2Fwp%2Fv2%2Fcategories&post=842"},{"taxonomy":"post_tag","embeddable":true,"href":"https:\/\/provinciadigital.com.ar\/index.php?rest_route=%2Fwp%2Fv2%2Ftags&post=842"}],"curies":[{"name":"wp","href":"https:\/\/api.w.org\/{rel}","templated":true}]}}