{"id":845,"date":"2018-08-04T22:25:52","date_gmt":"2018-08-04T22:25:52","guid":{"rendered":"http:\/\/provinciadigital.com.ar\/?p=845"},"modified":"2018-08-04T22:25:52","modified_gmt":"2018-08-04T22:25:52","slug":"encuentros-de-escritura-terapeutica-en-gral-pacheco-entrevista-a-laura-fonseca-escritora-y-educadora-espiritual","status":"publish","type":"post","link":"https:\/\/provinciadigital.com.ar\/?p=845","title":{"rendered":"Encuentros de Escritura terap\u00e9utica en Gral Pacheco Entrevista a Laura Fonseca (escritora y educadora espiritual)"},"content":{"rendered":"<p>&#8211; \u00bfQu\u00e9 es la escritura terap\u00e9utica?<\/p>\n<p>&#8211; La escritura terap\u00e9utica es una herramienta empleada para explorar nuestro mundo interior, comprenderlo y sanar. Escribir forma parte entonces de una terapia. Es una actividad enfocada al autoconocimiento porque a trav\u00e9s de distintos ejercicios comenzamos a explorarnos, descubrirnos y sacar aquello que estaba guardado volc\u00e1ndolo en una hoja de papel.<\/p>\n<p>&#8211; \u00bfQu\u00e9 impacto tiene a nivel emocional?<\/p>\n<p>&#8211; Esta actividad apunta a lograr la salud emocional. \u00bfPor qu\u00e9? Porque cuando escribimos lo hacemos porque \u201csentimos\u201d algo, y exteriorizamos ese \u201csentir\u201d. Se puede escribir desde la bronca, el enojo, la ira, la angustia, el dolor, la alegr\u00eda, la sorpresa, el \u00e9xtasis. Y m\u00e1s all\u00e1 de exteriorizar la emoci\u00f3n, buscamos ordenarla al elaborar un texto. Ese exteriorizar y elaborar ya es terap\u00e9utico.<br \/>\nLa represi\u00f3n emocional, el desorden y caos es sin\u00f3nimo de enfermedad<\/p>\n<p>&#8211; \u00bfCu\u00e1l es tu experiencia personal con la escritura?<\/p>\n<p>&#8211; Soy escritora desde muy chica, principalmente me enfoco en los cuentos y novelas. Tengo una madre docente y comenc\u00e9 a leer desde muy peque\u00f1ita. Mis d\u00edas de ni\u00f1a y adolescente los pasaba dentro de la sala de lectura de Tandil, un lugar hermoso. Pero desde mi labor como educadora espiritual considero la escritura como herramienta para sanar y crecer. Forma parte de una terapia que tiene much\u00edsimos beneficios.<\/p>\n<p>&#8211; \u00bfA qui\u00e9nes est\u00e1n dirigidos estos encuentros?<\/p>\n<p>&#8211; Los encuentros est\u00e1n abiertos a todo p\u00fablico. Hay que venir con ganas de escribir, leer y trabajar. Ser\u00e1 un espacio en donde tendremos como meta el crecimiento interior, autoconocimiento y sanaci\u00f3n. No se necesitan conocimientos previos ni tampoco saber escribir \u201cbien\u201d.<\/p>\n<p>&#8211; \u00bfPodr\u00edas contarme algo m\u00e1s sobre estas clases?<\/p>\n<p>&#8211; Si, claro. Ser\u00e1n encuentros de una hora y media. Los d\u00edas jueves de 14 a 15:30 hs. Comenzaremos el 16 de agosto. Trabajaremos en grupos peque\u00f1os por lo tanto se requiere inscripci\u00f3n previa para reservar lugar.<br \/>\nCada clase ser\u00e1 guiada, se entregar\u00e1n consignas, materiales audiovisuales, textos, lecturas, reflexiones etc. Se compartir\u00e1n adem\u00e1s experiencias en grupo.<br \/>\nTodas aquellas personas interesadas pueden contactarme a los siguientes medios para solicitar m\u00e1s informaci\u00f3n:<br \/>\nWhats app: 2494582944<br \/>\nFacebook: Laura Fonseca (Persc\u00e9fone)<br \/>\nE \u2013mail: persefonetarot@hotmail.com<\/p>\n","protected":false},"excerpt":{"rendered":"<p>&#8211; \u00bfQu\u00e9 es la escritura terap\u00e9utica? &#8211; La escritura terap\u00e9utica es una herramienta empleada para explorar nuestro mundo interior, comprenderlo y sanar. Escribir forma parte entonces de una terapia. Es una actividad enfocada al autoconocimiento porque a trav\u00e9s de distintos ejercicios comenzamos a explorarnos, descubrirnos y sacar aquello que estaba guardado volc\u00e1ndolo en una hoja [&hellip;]<\/p>\n","protected":false},"author":1,"featured_media":846,"comment_status":"open","ping_status":"open","sticky":false,"template":"","format":"standard","meta":{"footnotes":""},"categories":[15],"tags":[],"class_list":{"0":"post-845","1":"post","2":"type-post","3":"status-publish","4":"format-standard","5":"has-post-thumbnail","7":"category-pacheco-digital"},"_links":{"self":[{"href":"https:\/\/provinciadigital.com.ar\/index.php?rest_route=\/wp\/v2\/posts\/845","targetHints":{"allow":["GET"]}}],"collection":[{"href":"https:\/\/provinciadigital.com.ar\/index.php?rest_route=\/wp\/v2\/posts"}],"about":[{"href":"https:\/\/provinciadigital.com.ar\/index.php?rest_route=\/wp\/v2\/types\/post"}],"author":[{"embeddable":true,"href":"https:\/\/provinciadigital.com.ar\/index.php?rest_route=\/wp\/v2\/users\/1"}],"replies":[{"embeddable":true,"href":"https:\/\/provinciadigital.com.ar\/index.php?rest_route=%2Fwp%2Fv2%2Fcomments&post=845"}],"version-history":[{"count":1,"href":"https:\/\/provinciadigital.com.ar\/index.php?rest_route=\/wp\/v2\/posts\/845\/revisions"}],"predecessor-version":[{"id":847,"href":"https:\/\/provinciadigital.com.ar\/index.php?rest_route=\/wp\/v2\/posts\/845\/revisions\/847"}],"wp:featuredmedia":[{"embeddable":true,"href":"https:\/\/provinciadigital.com.ar\/index.php?rest_route=\/wp\/v2\/media\/846"}],"wp:attachment":[{"href":"https:\/\/provinciadigital.com.ar\/index.php?rest_route=%2Fwp%2Fv2%2Fmedia&parent=845"}],"wp:term":[{"taxonomy":"category","embeddable":true,"href":"https:\/\/provinciadigital.com.ar\/index.php?rest_route=%2Fwp%2Fv2%2Fcategories&post=845"},{"taxonomy":"post_tag","embeddable":true,"href":"https:\/\/provinciadigital.com.ar\/index.php?rest_route=%2Fwp%2Fv2%2Ftags&post=845"}],"curies":[{"name":"wp","href":"https:\/\/api.w.org\/{rel}","templated":true}]}}