{"id":848,"date":"2018-08-04T22:44:41","date_gmt":"2018-08-04T22:44:41","guid":{"rendered":"http:\/\/provinciadigital.com.ar\/?p=848"},"modified":"2018-08-04T22:44:41","modified_gmt":"2018-08-04T22:44:41","slug":"los-vecinos-recibieron-a-la-linea-720-en-parque-alegre-que-comenzo-a-realizar-su-recorrido-en-la-renovada-calle-ugarte","status":"publish","type":"post","link":"https:\/\/provinciadigital.com.ar\/?p=848","title":{"rendered":"LOS VECINOS RECIBIERON A LA LINEA 720 EN PARQUE ALEGRE QUE COMENZ\u00d3 A REALIZAR SU RECORRIDO EN LA RENOVADA CALLE UGARTE"},"content":{"rendered":"<p>El intendente de Tigre, Julio Zamora, estuvo presente en la llegada de la l\u00ednea de colectivo 720 al barrio Parque Alegre, en Rinc\u00f3n de Milberg. El transporte p\u00fablico incluir\u00e1 al vecindario en su recorrido, el cual culmina en el Soeva. El jefe comunal renov\u00f3 el compromiso del municipio, destac\u00f3 las reformas realizadas en la zona y anunci\u00f3 que pr\u00f3ximamente comenzar\u00e1n las nuevas obras de agua corriente con fondos municipales.<\/p>\n<p>\u201cQueremos escuchar a nuestros vecinos e ir cumpliendo con las mejoras que hemos prometido. La llegada del trasporte p\u00fablico y el asfalto es lo que estaban esperando y los cambios ya son una realidad. Seguiremos trabajando para que puedan tener una mejor calidad de vida\u201d, expres\u00f3 Zamora.<\/p>\n<p>El jefe comunal se refiri\u00f3 al incumplimiento del Estado nacional sobre el convenio de cloacas y agua corriente, firmado hace 2 a\u00f1os con la empresa AySA, y al mismo tiempo anticip\u00f3 que: &#8220;Vamos a iniciar las obras de agua corriente con fondos municipales, para que todos los vecinos puedan disponer de un servicio esencial&#8221;.<\/p>\n<p>Para llegar al barrio Parque Alegre, Zamora viaj\u00f3 en el colectivo 720, desde Av. Santa Mar\u00eda y Ugarte hasta la intersecci\u00f3n con la calle Exaltaci\u00f3n de la Cruz, en lo que ser\u00e1 la incorporaci\u00f3n del vecindario a su nuevo recorrido. Cabe remarcar que luego, el transporte volver\u00e1 a la avenida principal de Rinc\u00f3n de Milberg para culminar su trayecto en el barrio Soeva.<\/p>\n<p>Al respecto, la presidenta del Honorable Concejo Deliberante, Alejandra Nardi, expres\u00f3 &#8220;Gracias a la gesti\u00f3n del intendente se pueden observar cambios de urbanizaci\u00f3n en el barrio, para el bienestar de las familias que lo habitan. Todav\u00eda falta mucho pero sin dudas que este es el camino para seguir mejorando&#8221;.<\/p>\n<p>Los vecinos pudieron despejar sus inquietudes con el intendente de Tigre, acerca de obras a realizar en la zona como agua corriente, poda de \u00e1rboles, luminarias y servicio de zoonosis, entre otros.<\/p>\n<p>Acompa\u00f1aron la visita: la concejala, Gisela Zamora; el subsecretario de Promoci\u00f3n Social, Marcelo Marina; la subsecretaria de administraci\u00f3n de Pol\u00edtica Sanitaria y Desarrollo Humano, Silvia Cantero; el subsecretario de Tr\u00e1nsito y Transporte, Oscar Scotto; el director general de Tr\u00e1nsito y Transporte, Cristian Lisera y el delegado de Rinc\u00f3n de Milberg, Jorge Santoro.<\/p>\n","protected":false},"excerpt":{"rendered":"<p>El intendente de Tigre, Julio Zamora, estuvo presente en la llegada de la l\u00ednea de colectivo 720 al barrio Parque Alegre, en Rinc\u00f3n de Milberg. El transporte p\u00fablico incluir\u00e1 al vecindario en su recorrido, el cual culmina en el Soeva. El jefe comunal renov\u00f3 el compromiso del municipio, destac\u00f3 las reformas realizadas en la zona [&hellip;]<\/p>\n","protected":false},"author":1,"featured_media":849,"comment_status":"open","ping_status":"open","sticky":false,"template":"","format":"standard","meta":{"footnotes":""},"categories":[12],"tags":[],"class_list":{"0":"post-848","1":"post","2":"type-post","3":"status-publish","4":"format-standard","5":"has-post-thumbnail","7":"category-rincon-digital"},"_links":{"self":[{"href":"https:\/\/provinciadigital.com.ar\/index.php?rest_route=\/wp\/v2\/posts\/848","targetHints":{"allow":["GET"]}}],"collection":[{"href":"https:\/\/provinciadigital.com.ar\/index.php?rest_route=\/wp\/v2\/posts"}],"about":[{"href":"https:\/\/provinciadigital.com.ar\/index.php?rest_route=\/wp\/v2\/types\/post"}],"author":[{"embeddable":true,"href":"https:\/\/provinciadigital.com.ar\/index.php?rest_route=\/wp\/v2\/users\/1"}],"replies":[{"embeddable":true,"href":"https:\/\/provinciadigital.com.ar\/index.php?rest_route=%2Fwp%2Fv2%2Fcomments&post=848"}],"version-history":[{"count":1,"href":"https:\/\/provinciadigital.com.ar\/index.php?rest_route=\/wp\/v2\/posts\/848\/revisions"}],"predecessor-version":[{"id":850,"href":"https:\/\/provinciadigital.com.ar\/index.php?rest_route=\/wp\/v2\/posts\/848\/revisions\/850"}],"wp:featuredmedia":[{"embeddable":true,"href":"https:\/\/provinciadigital.com.ar\/index.php?rest_route=\/wp\/v2\/media\/849"}],"wp:attachment":[{"href":"https:\/\/provinciadigital.com.ar\/index.php?rest_route=%2Fwp%2Fv2%2Fmedia&parent=848"}],"wp:term":[{"taxonomy":"category","embeddable":true,"href":"https:\/\/provinciadigital.com.ar\/index.php?rest_route=%2Fwp%2Fv2%2Fcategories&post=848"},{"taxonomy":"post_tag","embeddable":true,"href":"https:\/\/provinciadigital.com.ar\/index.php?rest_route=%2Fwp%2Fv2%2Ftags&post=848"}],"curies":[{"name":"wp","href":"https:\/\/api.w.org\/{rel}","templated":true}]}}