{"id":851,"date":"2018-08-04T22:50:01","date_gmt":"2018-08-04T22:50:01","guid":{"rendered":"http:\/\/provinciadigital.com.ar\/?p=851"},"modified":"2018-08-04T22:50:01","modified_gmt":"2018-08-04T22:50:01","slug":"ricardo-alfonsin-visito-rincon-para-debatir-sobre-la-actualidad","status":"publish","type":"post","link":"https:\/\/provinciadigital.com.ar\/?p=851","title":{"rendered":"RICARDO ALFONS\u00cdN VISIT\u00d3 RINC\u00d3N PARA DEBATIR SOBRE LA ACTUALIDAD"},"content":{"rendered":"<p>El referente radical disert\u00f3 sobre la problem\u00e1tica de la desigualdad social, la crisis econ\u00f3mica que golpea a los trabajadores y la falta de empleo en todo el pa\u00eds. El intendente de Tigre, Julio Zamora, estuvo presente y remarc\u00f3 la importancia de lograr consensos que ayuden a construir una sociedad m\u00e1s igualitaria.<\/p>\n<p>Con el lema \u201cdesaf\u00edos y condicionantes de las democracias modernas&#8221;, Tigre abri\u00f3 el ciclo de conversaciones con l\u00edderes pol\u00edticos en el Ateneo del Encuentro, en Rinc\u00f3n de Milberg. All\u00ed, el referente radical, Ricardo Alfons\u00edn, disert\u00f3 sobre las problem\u00e1ticas sociales y econ\u00f3micas que perjudican a los sectores populares.<\/p>\n<p>Zamora afirm\u00f3; \u201cEl peronismo y el radicalismo no tienen diferencias profundas. Todos queremos una democracia representativa que busque la justicia social. Necesitamos una Argentina que construya consensos para enfrentar la etapa que viene\u201d. Y agreg\u00f3: \u201cIntegrar a representantes de otros espacios pol\u00edticos es una se\u00f1al de fortaleza para trabajar en el bien com\u00fan de la poblaci\u00f3n\u201d.<\/p>\n<p>Entre los temas abordados durante la jornada, se destac\u00f3 la situaci\u00f3n cr\u00edtica que viven los j\u00f3venes. En Argentina, un 10,4% de los chicos pasa hambre, mientras que un 5,8% no recibe alimentaci\u00f3n directa desde el hogar. Tambi\u00e9n, se puntualiz\u00f3 la falta de un proyecto serio, por parte del gobierno nacional, que genere empleo y crecimiento econ\u00f3mico para las familias.<\/p>\n<p>Al respecto, Ricardo Alfons\u00edn destac\u00f3 el gesto de amplitud de Zamora para abrir el di\u00e1logo sobre los desaf\u00edos de la pol\u00edtica y dijo: \u201cEstamos atravesando un contexto dif\u00edcil y lo que pide la sociedad es que haya una respuesta que est\u00e9 a la altura de las circunstancias. Tenemos que encontrar el camino que nos permita transmitir confianza a la gente para recuperar su bienestar. Estos son los encuentros que debemos generar para alcanzar la unidad nacional\u201d.<\/p>\n<p>El ciclo, impulsado por el movimiento &#8220;Colectivo Tigre&#8221;, busca profundizar y analizar propuestas que contribuyan a dilucidar un proyecto de pensamiento y trabajo. En las ediciones siguientes, participar\u00e1n prestigiosos l\u00edderes pol\u00edticos, sociales, empresariales, religiosos, cient\u00edficos y de la cultura.<\/p>\n<p>Este primer encuentro busc\u00f3 reunir a diferentes organizaciones sociales y populares, para articular en un modelo de trabajo que brinde soluciones a los sectores m\u00e1s vulnerables de Tigre y la provincia.<\/p>\n<p>Estuvieron presentes: los concejales del Frente Renovador, Rodrigo Molinos y Daniel Gambino; los referentes localese Fernando Laur\u00eda, Patricia D&#8217;Angelis, Milagros Nobl\u00eda Gal\u00e1n, Marcelo Marina, Javier Bosch, Alberto Vegnaduzzi y Silvia Cantero; el presidente del partido Radical de Tigre, Francisco &#8220;Pupi&#8221; Blefari y los referentes del radicalismo, Federico P\u00e9rez Gaviola, Fernando Salvo y Jorge Dantoni.<\/p>\n","protected":false},"excerpt":{"rendered":"<p>El referente radical disert\u00f3 sobre la problem\u00e1tica de la desigualdad social, la crisis econ\u00f3mica que golpea a los trabajadores y la falta de empleo en todo el pa\u00eds. El intendente de Tigre, Julio Zamora, estuvo presente y remarc\u00f3 la importancia de lograr consensos que ayuden a construir una sociedad m\u00e1s igualitaria. Con el lema \u201cdesaf\u00edos [&hellip;]<\/p>\n","protected":false},"author":1,"featured_media":852,"comment_status":"open","ping_status":"open","sticky":false,"template":"","format":"standard","meta":{"footnotes":""},"categories":[12],"tags":[],"class_list":{"0":"post-851","1":"post","2":"type-post","3":"status-publish","4":"format-standard","5":"has-post-thumbnail","7":"category-rincon-digital"},"_links":{"self":[{"href":"https:\/\/provinciadigital.com.ar\/index.php?rest_route=\/wp\/v2\/posts\/851","targetHints":{"allow":["GET"]}}],"collection":[{"href":"https:\/\/provinciadigital.com.ar\/index.php?rest_route=\/wp\/v2\/posts"}],"about":[{"href":"https:\/\/provinciadigital.com.ar\/index.php?rest_route=\/wp\/v2\/types\/post"}],"author":[{"embeddable":true,"href":"https:\/\/provinciadigital.com.ar\/index.php?rest_route=\/wp\/v2\/users\/1"}],"replies":[{"embeddable":true,"href":"https:\/\/provinciadigital.com.ar\/index.php?rest_route=%2Fwp%2Fv2%2Fcomments&post=851"}],"version-history":[{"count":1,"href":"https:\/\/provinciadigital.com.ar\/index.php?rest_route=\/wp\/v2\/posts\/851\/revisions"}],"predecessor-version":[{"id":853,"href":"https:\/\/provinciadigital.com.ar\/index.php?rest_route=\/wp\/v2\/posts\/851\/revisions\/853"}],"wp:featuredmedia":[{"embeddable":true,"href":"https:\/\/provinciadigital.com.ar\/index.php?rest_route=\/wp\/v2\/media\/852"}],"wp:attachment":[{"href":"https:\/\/provinciadigital.com.ar\/index.php?rest_route=%2Fwp%2Fv2%2Fmedia&parent=851"}],"wp:term":[{"taxonomy":"category","embeddable":true,"href":"https:\/\/provinciadigital.com.ar\/index.php?rest_route=%2Fwp%2Fv2%2Fcategories&post=851"},{"taxonomy":"post_tag","embeddable":true,"href":"https:\/\/provinciadigital.com.ar\/index.php?rest_route=%2Fwp%2Fv2%2Ftags&post=851"}],"curies":[{"name":"wp","href":"https:\/\/api.w.org\/{rel}","templated":true}]}}