{"id":854,"date":"2018-08-04T22:53:47","date_gmt":"2018-08-04T22:53:47","guid":{"rendered":"http:\/\/provinciadigital.com.ar\/?p=854"},"modified":"2018-08-04T22:53:47","modified_gmt":"2018-08-04T22:53:47","slug":"noticias-del-club-america","status":"publish","type":"post","link":"https:\/\/provinciadigital.com.ar\/?p=854","title":{"rendered":"NOTICIAS DEL CLUB AM\u00c9RICA"},"content":{"rendered":"<p>Las autoridades\u00a0 del\u00a0 Club Am\u00e9rica agradecen\u00a0 a toda\u00a0 la\u00a0 comunidad\u00a0 la gran\u00a0 convocatoria que tuvo el\u00a0 Bingo\u00a0 Solidario organizado\u00a0 para colaborar con\u00a0 la\u00a0 intervenci\u00f3n\u00a0 quir\u00fargica de Alma,\u00a0 una\u00a0 peque\u00f1a de 2 a\u00f1os, vecina\u00a0 nuestra\u00a0 de Rinc\u00f3n.<\/p>\n<p>Pese al mal clima, el s\u00e1bado 7 de julio, el\u00a0 evento se llev\u00f3 a cabo con todo \u00e9xito en la SEDE de la mencionada entidad.<\/p>\n<p>Posteriormente en aras de restablecer\u00a0 el\u00a0 pleno esplendor de la querida instituci\u00f3n deportiva, la Comisi\u00f3n Directiva ha dado difusi\u00f3n \u00a0a las actividades m\u00e1s\u00a0 relevantes que all\u00ed se practican y que pueden\u00a0 ser disfrutadas socialmente y\u00a0 en\u00a0 familia.<\/p>\n<p>En efecto; tal como el cl\u00e1sico baby f\u00fatbol en donde los peque\u00f1os rinconenses entrenan todos los d\u00edas de 18 a 20 horas, se inform\u00f3 que martes \u00a0y\u00a0 jueves de 19 a 21 horas se dictan\u00a0 clases\u00a0 de\u00a0 taekwondo; as\u00ed mismo, lunes y\u00a0 viernes de 17 a 18 horas,\u00a0 se\u00a0 imparten\u00a0 clases\u00a0 de canto; del\u00a0 mismo\u00a0 modo, martes\u00a0 y\u00a0 jueves tambi\u00e9n de 17 a 18 hs, lecciones del nuevo baile twerking, mientras\u00a0 que\u00a0 los s\u00e1bados desde las 14 hasta las 17 horas disponen\u00a0 de reaggeton inicial,\u00a0 intermedio y\u00a0 juvenil.<\/p>\n<p>Concluyendo las tareas se podr\u00e1 compartir\u00a0 el\u00a0 encuentro\u00a0 en\u00a0 un buffet econ\u00f3mico y familiar.<\/p>\n","protected":false},"excerpt":{"rendered":"<p>Las autoridades\u00a0 del\u00a0 Club Am\u00e9rica agradecen\u00a0 a toda\u00a0 la\u00a0 comunidad\u00a0 la gran\u00a0 convocatoria que tuvo el\u00a0 Bingo\u00a0 Solidario organizado\u00a0 para colaborar con\u00a0 la\u00a0 intervenci\u00f3n\u00a0 quir\u00fargica de Alma,\u00a0 una\u00a0 peque\u00f1a de 2 a\u00f1os, vecina\u00a0 nuestra\u00a0 de Rinc\u00f3n. Pese al mal clima, el s\u00e1bado 7 de julio, el\u00a0 evento se llev\u00f3 a cabo con todo \u00e9xito en [&hellip;]<\/p>\n","protected":false},"author":1,"featured_media":855,"comment_status":"open","ping_status":"open","sticky":false,"template":"","format":"standard","meta":{"footnotes":""},"categories":[12],"tags":[],"class_list":{"0":"post-854","1":"post","2":"type-post","3":"status-publish","4":"format-standard","5":"has-post-thumbnail","7":"category-rincon-digital"},"_links":{"self":[{"href":"https:\/\/provinciadigital.com.ar\/index.php?rest_route=\/wp\/v2\/posts\/854","targetHints":{"allow":["GET"]}}],"collection":[{"href":"https:\/\/provinciadigital.com.ar\/index.php?rest_route=\/wp\/v2\/posts"}],"about":[{"href":"https:\/\/provinciadigital.com.ar\/index.php?rest_route=\/wp\/v2\/types\/post"}],"author":[{"embeddable":true,"href":"https:\/\/provinciadigital.com.ar\/index.php?rest_route=\/wp\/v2\/users\/1"}],"replies":[{"embeddable":true,"href":"https:\/\/provinciadigital.com.ar\/index.php?rest_route=%2Fwp%2Fv2%2Fcomments&post=854"}],"version-history":[{"count":1,"href":"https:\/\/provinciadigital.com.ar\/index.php?rest_route=\/wp\/v2\/posts\/854\/revisions"}],"predecessor-version":[{"id":856,"href":"https:\/\/provinciadigital.com.ar\/index.php?rest_route=\/wp\/v2\/posts\/854\/revisions\/856"}],"wp:featuredmedia":[{"embeddable":true,"href":"https:\/\/provinciadigital.com.ar\/index.php?rest_route=\/wp\/v2\/media\/855"}],"wp:attachment":[{"href":"https:\/\/provinciadigital.com.ar\/index.php?rest_route=%2Fwp%2Fv2%2Fmedia&parent=854"}],"wp:term":[{"taxonomy":"category","embeddable":true,"href":"https:\/\/provinciadigital.com.ar\/index.php?rest_route=%2Fwp%2Fv2%2Fcategories&post=854"},{"taxonomy":"post_tag","embeddable":true,"href":"https:\/\/provinciadigital.com.ar\/index.php?rest_route=%2Fwp%2Fv2%2Ftags&post=854"}],"curies":[{"name":"wp","href":"https:\/\/api.w.org\/{rel}","templated":true}]}}