{"id":938,"date":"2018-09-24T21:43:39","date_gmt":"2018-09-24T21:43:39","guid":{"rendered":"http:\/\/provinciadigital.com.ar\/?p=938"},"modified":"2018-09-24T21:43:39","modified_gmt":"2018-09-24T21:43:39","slug":"inauguraron-en-rincon-el-ateneo-jose-a-recio","status":"publish","type":"post","link":"https:\/\/provinciadigital.com.ar\/?p=938","title":{"rendered":"INAUGURARON EN RINC\u00d3N EL ATENEO JOS\u00c9 A. RECIO"},"content":{"rendered":"<p>El viernes 17 de agosto a las 21 Hs. se realiz\u00f3 la inauguraci\u00f3n del Ateneo Jos\u00e9 A. Recio en Av. Santa Mar\u00eda entre Jos\u00e9 C. Paz y Nemesio P\u00e9rez. El referente local Diego Urrere Pon acompa\u00f1ado del concejal de San Fernando Sebasti\u00e1n Salvador, el ex diputado Jos\u00e9 A. Recio y el referente de la UCR de Benavidez Omar Moreno, entre otros, realizaron la apertura de este nuevo local con el sello Radical.<\/p>\n<p>\u201cEs una noche de muchas emociones, la presencia de tantos amigos e importantes referentes del radicalismo es una gran inyecci\u00f3n de \u00e1nimo para seguir trabajando por los vecinos de Rinc\u00f3n de Milberg, es el sue\u00f1o cumplido de hacer que la pol\u00edtica vuelva a estar en las manos de los vecinos\u201d indic\u00f3 Urrere Pon en di\u00e1logo con Rinc\u00f3n Digital.<\/p>\n<p>En relaci\u00f3n a su participaci\u00f3n en Cambiemos el referente pol\u00edtico indic\u00f3 \u201cSeguimos perteneciendo a cambiemos a nivel nacional y provincial pero tenemos marcadas diferencias con la forma de construir en el distrito, nosotros creemos que hay que estar m\u00e1s cerca de los vecinos y ese es nuestro objetivo desde el Ateneo Jos\u00e9 A. Recio\u201d y a\u00f1adi\u00f3 \u201cHay que hacer menos marketing pol\u00edtico y dar m\u00e1s respuestas a las necesidades en los barrios\u201d.<\/p>\n<p>\u201cDesde este espacio queremos ayudar a los vecinos con apoyo escolar, dando charlas y capacitaciones que pueden ser \u00fatiles para el desarrollo de peque\u00f1os emprendimiento, talleres de oficios y que sea un lugar abierto para que las familias puedan traer su reclamos y sue\u00f1os para el futuro de Tigre\u201d.<\/p>\n<p>Finalmente indic\u00f3 \u201cNo quiero hacer nombres para no olvidarme de nadie, pero quiero agradecer a todos los que vinieron y a los que o telef\u00f3nicamente, o a trav\u00e9s de las redes sociales nos apoyaron con mensajes de aliento en esta nueva etapa que estamos emprendiendo\u201d.<\/p>\n<p>Estuvieron presentes los concejales del bloque Cambiemos Mat\u00edas Casareto y Richard Edward.<\/p>\n","protected":false},"excerpt":{"rendered":"<p>El viernes 17 de agosto a las 21 Hs. se realiz\u00f3 la inauguraci\u00f3n del Ateneo Jos\u00e9 A. Recio en Av. Santa Mar\u00eda entre Jos\u00e9 C. Paz y Nemesio P\u00e9rez. El referente local Diego Urrere Pon acompa\u00f1ado del concejal de San Fernando Sebasti\u00e1n Salvador, el ex diputado Jos\u00e9 A. Recio y el referente de la UCR [&hellip;]<\/p>\n","protected":false},"author":1,"featured_media":939,"comment_status":"open","ping_status":"open","sticky":false,"template":"","format":"standard","meta":{"footnotes":""},"categories":[12],"tags":[],"class_list":{"0":"post-938","1":"post","2":"type-post","3":"status-publish","4":"format-standard","5":"has-post-thumbnail","7":"category-rincon-digital"},"_links":{"self":[{"href":"https:\/\/provinciadigital.com.ar\/index.php?rest_route=\/wp\/v2\/posts\/938","targetHints":{"allow":["GET"]}}],"collection":[{"href":"https:\/\/provinciadigital.com.ar\/index.php?rest_route=\/wp\/v2\/posts"}],"about":[{"href":"https:\/\/provinciadigital.com.ar\/index.php?rest_route=\/wp\/v2\/types\/post"}],"author":[{"embeddable":true,"href":"https:\/\/provinciadigital.com.ar\/index.php?rest_route=\/wp\/v2\/users\/1"}],"replies":[{"embeddable":true,"href":"https:\/\/provinciadigital.com.ar\/index.php?rest_route=%2Fwp%2Fv2%2Fcomments&post=938"}],"version-history":[{"count":1,"href":"https:\/\/provinciadigital.com.ar\/index.php?rest_route=\/wp\/v2\/posts\/938\/revisions"}],"predecessor-version":[{"id":940,"href":"https:\/\/provinciadigital.com.ar\/index.php?rest_route=\/wp\/v2\/posts\/938\/revisions\/940"}],"wp:featuredmedia":[{"embeddable":true,"href":"https:\/\/provinciadigital.com.ar\/index.php?rest_route=\/wp\/v2\/media\/939"}],"wp:attachment":[{"href":"https:\/\/provinciadigital.com.ar\/index.php?rest_route=%2Fwp%2Fv2%2Fmedia&parent=938"}],"wp:term":[{"taxonomy":"category","embeddable":true,"href":"https:\/\/provinciadigital.com.ar\/index.php?rest_route=%2Fwp%2Fv2%2Fcategories&post=938"},{"taxonomy":"post_tag","embeddable":true,"href":"https:\/\/provinciadigital.com.ar\/index.php?rest_route=%2Fwp%2Fv2%2Ftags&post=938"}],"curies":[{"name":"wp","href":"https:\/\/api.w.org\/{rel}","templated":true}]}}