{"id":941,"date":"2018-09-24T21:50:30","date_gmt":"2018-09-24T21:50:30","guid":{"rendered":"http:\/\/provinciadigital.com.ar\/?p=941"},"modified":"2018-09-24T21:50:30","modified_gmt":"2018-09-24T21:50:30","slug":"los-ninos-festejaron-su-dia-en-rincon-y-nuevo-delta","status":"publish","type":"post","link":"https:\/\/provinciadigital.com.ar\/?p=941","title":{"rendered":"LOS NI\u00d1OS FESTEJARON SU D\u00cdA EN RINC\u00d3N Y NUEVO DELTA"},"content":{"rendered":"<p>Durante tres fines de semana, m\u00e1s de 20 mil chicos disfrutaron de diversas propuestas y atracciones en los festejos por el D\u00eda del Ni\u00f1o, organizados por el municipio en 14 plazas. El intendente Julio Zamora y su esposa, la concejala Gisela Zamora, participaron del cierre de la celebraci\u00f3n junto a las familias en la plaza Ni\u00f1o Dios de Rinc\u00f3n de Milberg.<\/p>\n<p>\u201cEstamos orgullosos de que los chicos puedan disfrutar de las plazas refaccionadas, con mejores juegos y con diversas propuestas. Estos lugares son para que todas las familias pasen un momento agradable y se distiendan\u201d, destac\u00f3 el jefe comunal, quien estuvo presente compartiendo los festejos en nuestra localidad.<\/p>\n<p>La celebraci\u00f3n incluy\u00f3 juegos, kermesse con premios, shows de humor y magia, inflables, ferias y sorteos de tablets y bicicletas, entre otras opciones.<\/p>\n<p>La concejala Gisela Zamora, acompa\u00f1\u00f3 el cierre de los festejos en la plaza Ni\u00f1o Dios de Rinc\u00f3n de Milberg y dijo: \u201cLa ni\u00f1ez forma parte de una pol\u00edtica fuerte del municipio. Los polideportivos, los talleres culturales y educativos y los diferentes programas son para ayudarlos a lograr un mejor desarrollo\u201d.<\/p>\n","protected":false},"excerpt":{"rendered":"<p>Durante tres fines de semana, m\u00e1s de 20 mil chicos disfrutaron de diversas propuestas y atracciones en los festejos por el D\u00eda del Ni\u00f1o, organizados por el municipio en 14 plazas. El intendente Julio Zamora y su esposa, la concejala Gisela Zamora, participaron del cierre de la celebraci\u00f3n junto a las familias en la plaza [&hellip;]<\/p>\n","protected":false},"author":1,"featured_media":942,"comment_status":"open","ping_status":"open","sticky":false,"template":"","format":"standard","meta":{"footnotes":""},"categories":[12],"tags":[],"class_list":{"0":"post-941","1":"post","2":"type-post","3":"status-publish","4":"format-standard","5":"has-post-thumbnail","7":"category-rincon-digital"},"_links":{"self":[{"href":"https:\/\/provinciadigital.com.ar\/index.php?rest_route=\/wp\/v2\/posts\/941","targetHints":{"allow":["GET"]}}],"collection":[{"href":"https:\/\/provinciadigital.com.ar\/index.php?rest_route=\/wp\/v2\/posts"}],"about":[{"href":"https:\/\/provinciadigital.com.ar\/index.php?rest_route=\/wp\/v2\/types\/post"}],"author":[{"embeddable":true,"href":"https:\/\/provinciadigital.com.ar\/index.php?rest_route=\/wp\/v2\/users\/1"}],"replies":[{"embeddable":true,"href":"https:\/\/provinciadigital.com.ar\/index.php?rest_route=%2Fwp%2Fv2%2Fcomments&post=941"}],"version-history":[{"count":1,"href":"https:\/\/provinciadigital.com.ar\/index.php?rest_route=\/wp\/v2\/posts\/941\/revisions"}],"predecessor-version":[{"id":943,"href":"https:\/\/provinciadigital.com.ar\/index.php?rest_route=\/wp\/v2\/posts\/941\/revisions\/943"}],"wp:featuredmedia":[{"embeddable":true,"href":"https:\/\/provinciadigital.com.ar\/index.php?rest_route=\/wp\/v2\/media\/942"}],"wp:attachment":[{"href":"https:\/\/provinciadigital.com.ar\/index.php?rest_route=%2Fwp%2Fv2%2Fmedia&parent=941"}],"wp:term":[{"taxonomy":"category","embeddable":true,"href":"https:\/\/provinciadigital.com.ar\/index.php?rest_route=%2Fwp%2Fv2%2Fcategories&post=941"},{"taxonomy":"post_tag","embeddable":true,"href":"https:\/\/provinciadigital.com.ar\/index.php?rest_route=%2Fwp%2Fv2%2Ftags&post=941"}],"curies":[{"name":"wp","href":"https:\/\/api.w.org\/{rel}","templated":true}]}}