{"id":957,"date":"2018-09-24T22:30:19","date_gmt":"2018-09-24T22:30:19","guid":{"rendered":"http:\/\/provinciadigital.com.ar\/?p=957"},"modified":"2018-09-24T22:30:19","modified_gmt":"2018-09-24T22:30:19","slug":"leones-festejaron-en-el-merendero-mi-rinconcito","status":"publish","type":"post","link":"https:\/\/provinciadigital.com.ar\/?p=957","title":{"rendered":"LEONES FESTEJARON EN EL MERENDERO \u201cMI RINCONCITO\u201d"},"content":{"rendered":"<p>El Club de Leones de Rinc\u00f3n de Milberg \u2013 Nuevo Delta realiz\u00f3 un festejo del d\u00eda del ni\u00f1o el s\u00e1bado 18 de agosto en el merendero \u201cMi Rinconcito\u201d de nuestra localidad.<\/p>\n<p>Inflables, metegoles, maquillaje art\u00edstico, la participaci\u00f3n especial del Mago Luis y una merienda que incluy\u00f3 chocolate con tortas y facturas fueron algunas de las actividades que disfrutaron los chicos que normalmente asisten al lugar.<\/p>\n<p>Mabel Stoll, miembro fundamental del Club de Leones manifest\u00f3 \u201cTrabajamos todos juntos para que los chicos puedan disfrutar de una tarde muy especial, \u00a0nos llena de orgullo poder hacer estas cosas por los chicos de la localidad y estar no solo colaborando con el merendero sino tambi\u00e9n presentes interactuando con los chicos\u201d.<\/p>\n<p>Antes de retirarse cada chico recibi\u00f3 una bolsita con golosinas como regalo y concluy\u00f3 el evento con juegos de kermese.<\/p>\n<p>\u201cQueremos agradecer a los comerciantes que nos donaron golosinas y a todos los que colaboraron desinteresadamente para que los chicos pudieran pasar una hermosa tarde como festejo de su d\u00eda\u201d indic\u00f3 finalmente Carolina Zolezzi secretaria de la instituci\u00f3n.<\/p>\n<p>&nbsp;<\/p>\n","protected":false},"excerpt":{"rendered":"<p>El Club de Leones de Rinc\u00f3n de Milberg \u2013 Nuevo Delta realiz\u00f3 un festejo del d\u00eda del ni\u00f1o el s\u00e1bado 18 de agosto en el merendero \u201cMi Rinconcito\u201d de nuestra localidad. Inflables, metegoles, maquillaje art\u00edstico, la participaci\u00f3n especial del Mago Luis y una merienda que incluy\u00f3 chocolate con tortas y facturas fueron algunas de las [&hellip;]<\/p>\n","protected":false},"author":1,"featured_media":958,"comment_status":"open","ping_status":"open","sticky":false,"template":"","format":"standard","meta":{"footnotes":""},"categories":[12],"tags":[],"class_list":{"0":"post-957","1":"post","2":"type-post","3":"status-publish","4":"format-standard","5":"has-post-thumbnail","7":"category-rincon-digital"},"_links":{"self":[{"href":"https:\/\/provinciadigital.com.ar\/index.php?rest_route=\/wp\/v2\/posts\/957","targetHints":{"allow":["GET"]}}],"collection":[{"href":"https:\/\/provinciadigital.com.ar\/index.php?rest_route=\/wp\/v2\/posts"}],"about":[{"href":"https:\/\/provinciadigital.com.ar\/index.php?rest_route=\/wp\/v2\/types\/post"}],"author":[{"embeddable":true,"href":"https:\/\/provinciadigital.com.ar\/index.php?rest_route=\/wp\/v2\/users\/1"}],"replies":[{"embeddable":true,"href":"https:\/\/provinciadigital.com.ar\/index.php?rest_route=%2Fwp%2Fv2%2Fcomments&post=957"}],"version-history":[{"count":1,"href":"https:\/\/provinciadigital.com.ar\/index.php?rest_route=\/wp\/v2\/posts\/957\/revisions"}],"predecessor-version":[{"id":959,"href":"https:\/\/provinciadigital.com.ar\/index.php?rest_route=\/wp\/v2\/posts\/957\/revisions\/959"}],"wp:featuredmedia":[{"embeddable":true,"href":"https:\/\/provinciadigital.com.ar\/index.php?rest_route=\/wp\/v2\/media\/958"}],"wp:attachment":[{"href":"https:\/\/provinciadigital.com.ar\/index.php?rest_route=%2Fwp%2Fv2%2Fmedia&parent=957"}],"wp:term":[{"taxonomy":"category","embeddable":true,"href":"https:\/\/provinciadigital.com.ar\/index.php?rest_route=%2Fwp%2Fv2%2Fcategories&post=957"},{"taxonomy":"post_tag","embeddable":true,"href":"https:\/\/provinciadigital.com.ar\/index.php?rest_route=%2Fwp%2Fv2%2Ftags&post=957"}],"curies":[{"name":"wp","href":"https:\/\/api.w.org\/{rel}","templated":true}]}}