{"id":963,"date":"2018-09-24T22:41:48","date_gmt":"2018-09-24T22:41:48","guid":{"rendered":"http:\/\/provinciadigital.com.ar\/?p=963"},"modified":"2018-09-24T22:41:48","modified_gmt":"2018-09-24T22:41:48","slug":"vecinos-reclaman-por-limpieza-en-inmediaciones-de-la-delegacion","status":"publish","type":"post","link":"https:\/\/provinciadigital.com.ar\/?p=963","title":{"rendered":"VECINOS RECLAMAN POR LIMPIEZA EN INMEDIACIONES DE LA DELEGACI\u00d3N"},"content":{"rendered":"<p>Vecinos de la calle 9 de Julio nos hicieron llegar su reclamo por falta de limpieza en la zona, llama la atenci\u00f3n el reclamo ya que la imagen con la que nos ilustran el pedido es escasos metros de la Delegaci\u00f3n Municipal de nuestra localidad.<\/p>\n<p>La anomal\u00eda que podemos ver no solo en este caso sino en varios lugares de la localidad es que se levanta el grueso del producto de la poda o los mont\u00edculos pero quienes realizan este trabajo no lo hacen del modo correcto dado que dejan papelitos, ramitas, bolsitas y basura esparcida por todo el lugar.<\/p>\n<p>Si bien esto es algo que llama la atenci\u00f3n por la cercan\u00eda a la dependencia municipal, seguramente se puede ajustar, es cuesti\u00f3n de supervisar el trabajo que se realiza y mejorar el servicio de recolecci\u00f3n tanto de la empresa Trasportes Olivos como la tarea que se hace desde la delegaci\u00f3n de Rinc\u00f3n de Milberg.<\/p>\n","protected":false},"excerpt":{"rendered":"<p>Vecinos de la calle 9 de Julio nos hicieron llegar su reclamo por falta de limpieza en la zona, llama la atenci\u00f3n el reclamo ya que la imagen con la que nos ilustran el pedido es escasos metros de la Delegaci\u00f3n Municipal de nuestra localidad. La anomal\u00eda que podemos ver no solo en este caso [&hellip;]<\/p>\n","protected":false},"author":1,"featured_media":964,"comment_status":"open","ping_status":"open","sticky":false,"template":"","format":"standard","meta":{"footnotes":""},"categories":[12],"tags":[],"class_list":{"0":"post-963","1":"post","2":"type-post","3":"status-publish","4":"format-standard","5":"has-post-thumbnail","7":"category-rincon-digital"},"_links":{"self":[{"href":"https:\/\/provinciadigital.com.ar\/index.php?rest_route=\/wp\/v2\/posts\/963","targetHints":{"allow":["GET"]}}],"collection":[{"href":"https:\/\/provinciadigital.com.ar\/index.php?rest_route=\/wp\/v2\/posts"}],"about":[{"href":"https:\/\/provinciadigital.com.ar\/index.php?rest_route=\/wp\/v2\/types\/post"}],"author":[{"embeddable":true,"href":"https:\/\/provinciadigital.com.ar\/index.php?rest_route=\/wp\/v2\/users\/1"}],"replies":[{"embeddable":true,"href":"https:\/\/provinciadigital.com.ar\/index.php?rest_route=%2Fwp%2Fv2%2Fcomments&post=963"}],"version-history":[{"count":1,"href":"https:\/\/provinciadigital.com.ar\/index.php?rest_route=\/wp\/v2\/posts\/963\/revisions"}],"predecessor-version":[{"id":965,"href":"https:\/\/provinciadigital.com.ar\/index.php?rest_route=\/wp\/v2\/posts\/963\/revisions\/965"}],"wp:featuredmedia":[{"embeddable":true,"href":"https:\/\/provinciadigital.com.ar\/index.php?rest_route=\/wp\/v2\/media\/964"}],"wp:attachment":[{"href":"https:\/\/provinciadigital.com.ar\/index.php?rest_route=%2Fwp%2Fv2%2Fmedia&parent=963"}],"wp:term":[{"taxonomy":"category","embeddable":true,"href":"https:\/\/provinciadigital.com.ar\/index.php?rest_route=%2Fwp%2Fv2%2Fcategories&post=963"},{"taxonomy":"post_tag","embeddable":true,"href":"https:\/\/provinciadigital.com.ar\/index.php?rest_route=%2Fwp%2Fv2%2Ftags&post=963"}],"curies":[{"name":"wp","href":"https:\/\/api.w.org\/{rel}","templated":true}]}}