{"id":972,"date":"2018-09-24T23:06:07","date_gmt":"2018-09-24T23:06:07","guid":{"rendered":"http:\/\/provinciadigital.com.ar\/?p=972"},"modified":"2018-09-24T23:06:07","modified_gmt":"2018-09-24T23:06:07","slug":"invitan-a-una-jornada-de-patrimonio-integral","status":"publish","type":"post","link":"https:\/\/provinciadigital.com.ar\/?p=972","title":{"rendered":"INVITAN A UNA JORNADA DE PATRIMONIO INTEGRAL"},"content":{"rendered":"<p>El Museo de las Escuelas de Tigre, con el auspicio del Municipio y el aval la Direcci\u00f3n de Museos y Preservaci\u00f3n Patrimonial de la Provincia de Buenos Aires e importantes instituciones dedicadas al cuidado de patrimonio hist\u00f3rico y cultural invitan a la 2\u00ba jornada de Patrimonio Integral bajo el lema \u201cHacia una visi\u00f3n integral del Patrimonio\u201d.<\/p>\n<p>La jornada tendr\u00e1 entre sus expositores expertos de niveles nacionales e internacionales que aportar\u00e1n su conocimiento para debatir en forma integral las problem\u00e1ticas locales.<\/p>\n<p>En di\u00e1logo con Rinc\u00f3n Digital Susana Fasora impulsora de la iniciativa enfatiz\u00f3 \u201cEs una gran oportunidad para que los vecinos podamos plantear nuestras inquietudes y dimensionar las potencialidades que tenemos en Tigre desde nuestro patrimonio hist\u00f3rico y cultural.<\/p>\n<p>La jornada ser\u00e1 el pr\u00f3ximo 14 de septiembre de 9.30 a 17.30 Hs. en las instalaciones del Museo de la Reconquista sitado en Liniers 818, Tigre.<\/p>\n","protected":false},"excerpt":{"rendered":"<p>El Museo de las Escuelas de Tigre, con el auspicio del Municipio y el aval la Direcci\u00f3n de Museos y Preservaci\u00f3n Patrimonial de la Provincia de Buenos Aires e importantes instituciones dedicadas al cuidado de patrimonio hist\u00f3rico y cultural invitan a la 2\u00ba jornada de Patrimonio Integral bajo el lema \u201cHacia una visi\u00f3n integral del [&hellip;]<\/p>\n","protected":false},"author":1,"featured_media":973,"comment_status":"open","ping_status":"open","sticky":false,"template":"","format":"standard","meta":{"footnotes":""},"categories":[12],"tags":[],"class_list":{"0":"post-972","1":"post","2":"type-post","3":"status-publish","4":"format-standard","5":"has-post-thumbnail","7":"category-rincon-digital"},"_links":{"self":[{"href":"https:\/\/provinciadigital.com.ar\/index.php?rest_route=\/wp\/v2\/posts\/972","targetHints":{"allow":["GET"]}}],"collection":[{"href":"https:\/\/provinciadigital.com.ar\/index.php?rest_route=\/wp\/v2\/posts"}],"about":[{"href":"https:\/\/provinciadigital.com.ar\/index.php?rest_route=\/wp\/v2\/types\/post"}],"author":[{"embeddable":true,"href":"https:\/\/provinciadigital.com.ar\/index.php?rest_route=\/wp\/v2\/users\/1"}],"replies":[{"embeddable":true,"href":"https:\/\/provinciadigital.com.ar\/index.php?rest_route=%2Fwp%2Fv2%2Fcomments&post=972"}],"version-history":[{"count":1,"href":"https:\/\/provinciadigital.com.ar\/index.php?rest_route=\/wp\/v2\/posts\/972\/revisions"}],"predecessor-version":[{"id":974,"href":"https:\/\/provinciadigital.com.ar\/index.php?rest_route=\/wp\/v2\/posts\/972\/revisions\/974"}],"wp:featuredmedia":[{"embeddable":true,"href":"https:\/\/provinciadigital.com.ar\/index.php?rest_route=\/wp\/v2\/media\/973"}],"wp:attachment":[{"href":"https:\/\/provinciadigital.com.ar\/index.php?rest_route=%2Fwp%2Fv2%2Fmedia&parent=972"}],"wp:term":[{"taxonomy":"category","embeddable":true,"href":"https:\/\/provinciadigital.com.ar\/index.php?rest_route=%2Fwp%2Fv2%2Fcategories&post=972"},{"taxonomy":"post_tag","embeddable":true,"href":"https:\/\/provinciadigital.com.ar\/index.php?rest_route=%2Fwp%2Fv2%2Ftags&post=972"}],"curies":[{"name":"wp","href":"https:\/\/api.w.org\/{rel}","templated":true}]}}