{"id":984,"date":"2018-09-24T23:36:03","date_gmt":"2018-09-24T23:36:03","guid":{"rendered":"http:\/\/provinciadigital.com.ar\/?p=984"},"modified":"2018-09-24T23:36:03","modified_gmt":"2018-09-24T23:36:03","slug":"jovenes-de-el-talar-participaron-de-una-nueva-jornada-de-barrio-adentro","status":"publish","type":"post","link":"https:\/\/provinciadigital.com.ar\/?p=984","title":{"rendered":"J\u00d3VENES DE EL TALAR PARTICIPARON DE UNA NUEVA JORNADA DE \u201cBARRIO ADENTRO\u201d"},"content":{"rendered":"<p>En la localidad de El Talar, el Municipio de Tigre llev\u00f3 adelante la segunda jornada del programa &#8220;Barrio adentro&#8221;, que busca un mejor desarrollo de ni\u00f1os y j\u00f3venes. La actividad incluy\u00f3 propuestas art\u00edsticas, culturales y deportivas, para el disfrute de todos los vecinos de la zona.<\/p>\n<p>La iniciativa se desarroll\u00f3 en la plaza del barrio El Palito, con un clima distendido y propuestas como pintura de un mural participativo, torneos de f\u00fatbol tenis y shows de m\u00fasica en vivo con agrupaciones locales.<\/p>\n<p>\u201cEstamos contentos por realizar este segundo encuentro, que sigue la l\u00ednea que nos marca nuestro intendente Julio Zamora, para que los j\u00f3venes puedan disfrutar los espacios p\u00fablicos\u201d, expres\u00f3 el director general de Juventud, Santiago Castillo.<\/p>\n<p>\u201cBarrio adentro\u201d se puso en marcha en el mes de mayo, en el barrio Sagrada Familia de Troncos del Talar, y el objetivo es extender la iniciativa a m\u00e1s vecindarios del distrito.<\/p>\n<p>A pleno sol y juegos, los j\u00f3venes se acercaron para ser parte de la actividad. Romina, vecina de El Talar, fue una de las que pint\u00f3 el mural y coment\u00f3: \u201cEsto emociona mucho porque esta propuesta integra a toda la comunidad, en especial a los chicos\u201d. Por su parte, Alejandro, dijo: \u201cAgradezco mucho a las autoridades de Tigre por ayudar a la gente de todos los barrios, es genial\u201d.<\/p>\n<p>Cabe remarcar que el municipio, a trav\u00e9s de la Direcci\u00f3n de Juventud, impulsa programas destinados al apoyo de los j\u00f3venes como: \u201cSeguro te divert\u00eds\u201d, que busca reducir los da\u00f1os y riesgos asociados al consumo de drogas y alcohol, a trav\u00e9s de la formaci\u00f3n de 120 preventores voluntarios, y &#8220;Tom\u00e1 la palabra, tu futuro se ve&#8221;, el cual capacita a los adolescentes en el armado del curr\u00edculum vitae y en iniciativas de emprendimientos personales.<\/p>\n","protected":false},"excerpt":{"rendered":"<p>En la localidad de El Talar, el Municipio de Tigre llev\u00f3 adelante la segunda jornada del programa &#8220;Barrio adentro&#8221;, que busca un mejor desarrollo de ni\u00f1os y j\u00f3venes. La actividad incluy\u00f3 propuestas art\u00edsticas, culturales y deportivas, para el disfrute de todos los vecinos de la zona. La iniciativa se desarroll\u00f3 en la plaza del barrio [&hellip;]<\/p>\n","protected":false},"author":1,"featured_media":985,"comment_status":"open","ping_status":"open","sticky":false,"template":"","format":"standard","meta":{"footnotes":""},"categories":[15],"tags":[],"class_list":{"0":"post-984","1":"post","2":"type-post","3":"status-publish","4":"format-standard","5":"has-post-thumbnail","7":"category-pacheco-digital"},"_links":{"self":[{"href":"https:\/\/provinciadigital.com.ar\/index.php?rest_route=\/wp\/v2\/posts\/984","targetHints":{"allow":["GET"]}}],"collection":[{"href":"https:\/\/provinciadigital.com.ar\/index.php?rest_route=\/wp\/v2\/posts"}],"about":[{"href":"https:\/\/provinciadigital.com.ar\/index.php?rest_route=\/wp\/v2\/types\/post"}],"author":[{"embeddable":true,"href":"https:\/\/provinciadigital.com.ar\/index.php?rest_route=\/wp\/v2\/users\/1"}],"replies":[{"embeddable":true,"href":"https:\/\/provinciadigital.com.ar\/index.php?rest_route=%2Fwp%2Fv2%2Fcomments&post=984"}],"version-history":[{"count":1,"href":"https:\/\/provinciadigital.com.ar\/index.php?rest_route=\/wp\/v2\/posts\/984\/revisions"}],"predecessor-version":[{"id":986,"href":"https:\/\/provinciadigital.com.ar\/index.php?rest_route=\/wp\/v2\/posts\/984\/revisions\/986"}],"wp:featuredmedia":[{"embeddable":true,"href":"https:\/\/provinciadigital.com.ar\/index.php?rest_route=\/wp\/v2\/media\/985"}],"wp:attachment":[{"href":"https:\/\/provinciadigital.com.ar\/index.php?rest_route=%2Fwp%2Fv2%2Fmedia&parent=984"}],"wp:term":[{"taxonomy":"category","embeddable":true,"href":"https:\/\/provinciadigital.com.ar\/index.php?rest_route=%2Fwp%2Fv2%2Fcategories&post=984"},{"taxonomy":"post_tag","embeddable":true,"href":"https:\/\/provinciadigital.com.ar\/index.php?rest_route=%2Fwp%2Fv2%2Ftags&post=984"}],"curies":[{"name":"wp","href":"https:\/\/api.w.org\/{rel}","templated":true}]}}