{"id":990,"date":"2018-09-24T23:43:31","date_gmt":"2018-09-24T23:43:31","guid":{"rendered":"http:\/\/provinciadigital.com.ar\/?p=990"},"modified":"2018-09-24T23:43:31","modified_gmt":"2018-09-24T23:43:31","slug":"el-intendente-zamora-recibio-a-miembros-de-la-comision-de-historia-de-el-talar","status":"publish","type":"post","link":"https:\/\/provinciadigital.com.ar\/?p=990","title":{"rendered":"EL INTENDENTE ZAMORA RECIBI\u00d3 A MIEMBROS DE LA COMISI\u00d3N DE HISTORIA DE EL TALAR"},"content":{"rendered":"<p>El intendente de Tigre, Julio Zamora, recibi\u00f3 en su despacho a miembros de la Comisi\u00f3n de Historia de El Talar, y mostr\u00f3 su respaldo a la iniciativa de postular la declaraci\u00f3n de la aeroposta de la ciudad como Patrimonio Hist\u00f3rico de la Humanidad ante la UNESCO. Los integrantes de la entidad tambi\u00e9n le propusieron al jefe comunal instalar un Banco de la Libertad en la plaza Hip\u00f3lito Yrigoyen, con el fin de estimular la vocaci\u00f3n literaria de las nuevas generaciones de vecinos.<\/p>\n<p>&#8220;Es importante la labor de la comisi\u00f3n, que se interesa, preserva y difunde la historia local. Es por ello que a\u00f1o a a\u00f1o los acompa\u00f1amos. Lo m\u00e1s significante es que gracias a su trabajo, los j\u00f3venes pueden conocer sus ra\u00edces&#8221;, remarc\u00f3 el jefe comunal.<\/p>\n<p>Durante la reuni\u00f3n, los miembros de la entidad propusieron al intendente instalar un &#8220;Banco de la Libertad&#8221; en la plaza Hip\u00f3lito Yrigoyen de dicha localidad. Se trata de una iniciativa de la asociaci\u00f3n francesa Puentes del Coraz\u00f3n, en memoria del aviador y escritor Antoine de Saint Exup\u00e9ry, autor de &#8220;El principito&#8221; e iniciador de la Aeroposta Argentina.<\/p>\n<p>El banco es una escultura con forma de libro abierto, que a trav\u00e9s de un c\u00f3digo QR permite conectarse al sitio web del proyecto para acceder a contenido literario escrito y audible. Con este programa se busca estimular la creaci\u00f3n literaria; despertar el deseo por la escritura, los textos y las palabras.<\/p>\n<p>Antoine de Saint-Exup\u00e9ry, destacado escritor y aviador franc\u00e9s, fue nombrado en 1929 como director de la Aeroposta Argentina. En El Talar escribi\u00f3 lo que ser\u00eda su libro \u201cVuelo Nocturno\u201d. En 1924 se iniciaron los contactos para establecer una l\u00ednea de correo a\u00e9reo entre Francia y Am\u00e9rica del Sur y tres a\u00f1os m\u00e1s tarde se eligi\u00f3 construir la aeroposta en un campo cercano al naciente pueblo de General Pacheco, tierras que hoy forman parte de la ciudad de El Talar.<\/p>\n<p>Dicho edifico funcion\u00f3 como filial de la Compagnie Generale Aeropostale, que prest\u00f3 servicios a\u00e9reos en las rutas a Asunci\u00f3n del Paraguay, Santiago de Chile y sobre la regi\u00f3n Patag\u00f3nica. Es por ello, que, a 90 a\u00f1os de su creaci\u00f3n, los integrantes de la comisi\u00f3n solicitaron al intendente Zamora su apoyo en la declaraci\u00f3n de la Aeroposta de El Talar como Patrimonio Hist\u00f3rico de la Humanidad ante la UNESCO.<\/p>\n<p>Por su parte, la Comisi\u00f3n de Historia de El Talar fue fundada el 24 de julio de 2001, por iniciativa de un grupo de vecinos que se organizaron a fin de crear una instituci\u00f3n que investigara y difundiera la historia de la localidad y todo el distrito. Durante 17 a\u00f1os, los miembros han investigado el pasado en archivos, bibliotecas, hemerotecas y entrevistas, recopilando documentos, fotograf\u00edas y planos que las personas fueron acercando.<\/p>\n<p>Estuvieron presentes durante el encuentro: el presidente de la entidad, Jorge Garc\u00eda; la vicepresidenta Elena De Nigris y los vocales Luisa Santilli, Ricardo Bencina y H\u00e9ctor Bruzzone.<\/p>\n","protected":false},"excerpt":{"rendered":"<p>El intendente de Tigre, Julio Zamora, recibi\u00f3 en su despacho a miembros de la Comisi\u00f3n de Historia de El Talar, y mostr\u00f3 su respaldo a la iniciativa de postular la declaraci\u00f3n de la aeroposta de la ciudad como Patrimonio Hist\u00f3rico de la Humanidad ante la UNESCO. Los integrantes de la entidad tambi\u00e9n le propusieron al [&hellip;]<\/p>\n","protected":false},"author":1,"featured_media":991,"comment_status":"open","ping_status":"open","sticky":false,"template":"","format":"standard","meta":{"footnotes":""},"categories":[15],"tags":[],"class_list":{"0":"post-990","1":"post","2":"type-post","3":"status-publish","4":"format-standard","5":"has-post-thumbnail","7":"category-pacheco-digital"},"_links":{"self":[{"href":"https:\/\/provinciadigital.com.ar\/index.php?rest_route=\/wp\/v2\/posts\/990","targetHints":{"allow":["GET"]}}],"collection":[{"href":"https:\/\/provinciadigital.com.ar\/index.php?rest_route=\/wp\/v2\/posts"}],"about":[{"href":"https:\/\/provinciadigital.com.ar\/index.php?rest_route=\/wp\/v2\/types\/post"}],"author":[{"embeddable":true,"href":"https:\/\/provinciadigital.com.ar\/index.php?rest_route=\/wp\/v2\/users\/1"}],"replies":[{"embeddable":true,"href":"https:\/\/provinciadigital.com.ar\/index.php?rest_route=%2Fwp%2Fv2%2Fcomments&post=990"}],"version-history":[{"count":1,"href":"https:\/\/provinciadigital.com.ar\/index.php?rest_route=\/wp\/v2\/posts\/990\/revisions"}],"predecessor-version":[{"id":992,"href":"https:\/\/provinciadigital.com.ar\/index.php?rest_route=\/wp\/v2\/posts\/990\/revisions\/992"}],"wp:featuredmedia":[{"embeddable":true,"href":"https:\/\/provinciadigital.com.ar\/index.php?rest_route=\/wp\/v2\/media\/991"}],"wp:attachment":[{"href":"https:\/\/provinciadigital.com.ar\/index.php?rest_route=%2Fwp%2Fv2%2Fmedia&parent=990"}],"wp:term":[{"taxonomy":"category","embeddable":true,"href":"https:\/\/provinciadigital.com.ar\/index.php?rest_route=%2Fwp%2Fv2%2Fcategories&post=990"},{"taxonomy":"post_tag","embeddable":true,"href":"https:\/\/provinciadigital.com.ar\/index.php?rest_route=%2Fwp%2Fv2%2Ftags&post=990"}],"curies":[{"name":"wp","href":"https:\/\/api.w.org\/{rel}","templated":true}]}}