{"id":993,"date":"2018-09-24T23:46:00","date_gmt":"2018-09-24T23:46:00","guid":{"rendered":"http:\/\/provinciadigital.com.ar\/?p=993"},"modified":"2018-09-24T23:46:00","modified_gmt":"2018-09-24T23:46:00","slug":"clases-de-luthier-en-pacheco","status":"publish","type":"post","link":"https:\/\/provinciadigital.com.ar\/?p=993","title":{"rendered":"CLASES DE LUTHIER EN PACHECO"},"content":{"rendered":"<p>Galer\u00eda Arte Novo informa que est\u00e1n abiertas las clases de Luthier\u00eda con el profesor Sebasti\u00e1n Gomes. Las mismas est\u00e1n orientadas a la fabricaci\u00f3n y reparaci\u00f3n de instrumentos cuerdas y cajones peruanos entre otras actividades vinculadas al arte.<\/p>\n<p>Seg\u00fan refirieron las clases ser\u00e1n los martes y jueves, pero para coordinar horarios se pueden contactar al n\u00famero telef\u00f3nico1534636327 o dirigirse personalmente a la Galer\u00eda Arte Novo ubicada en Boulogne Sur Mer 1275 1\u00ba piso de nuestra localidad.<\/p>\n","protected":false},"excerpt":{"rendered":"<p>Galer\u00eda Arte Novo informa que est\u00e1n abiertas las clases de Luthier\u00eda con el profesor Sebasti\u00e1n Gomes. Las mismas est\u00e1n orientadas a la fabricaci\u00f3n y reparaci\u00f3n de instrumentos cuerdas y cajones peruanos entre otras actividades vinculadas al arte. Seg\u00fan refirieron las clases ser\u00e1n los martes y jueves, pero para coordinar horarios se pueden contactar al n\u00famero [&hellip;]<\/p>\n","protected":false},"author":1,"featured_media":994,"comment_status":"open","ping_status":"open","sticky":false,"template":"","format":"standard","meta":{"footnotes":""},"categories":[15],"tags":[],"class_list":{"0":"post-993","1":"post","2":"type-post","3":"status-publish","4":"format-standard","5":"has-post-thumbnail","7":"category-pacheco-digital"},"_links":{"self":[{"href":"https:\/\/provinciadigital.com.ar\/index.php?rest_route=\/wp\/v2\/posts\/993","targetHints":{"allow":["GET"]}}],"collection":[{"href":"https:\/\/provinciadigital.com.ar\/index.php?rest_route=\/wp\/v2\/posts"}],"about":[{"href":"https:\/\/provinciadigital.com.ar\/index.php?rest_route=\/wp\/v2\/types\/post"}],"author":[{"embeddable":true,"href":"https:\/\/provinciadigital.com.ar\/index.php?rest_route=\/wp\/v2\/users\/1"}],"replies":[{"embeddable":true,"href":"https:\/\/provinciadigital.com.ar\/index.php?rest_route=%2Fwp%2Fv2%2Fcomments&post=993"}],"version-history":[{"count":1,"href":"https:\/\/provinciadigital.com.ar\/index.php?rest_route=\/wp\/v2\/posts\/993\/revisions"}],"predecessor-version":[{"id":995,"href":"https:\/\/provinciadigital.com.ar\/index.php?rest_route=\/wp\/v2\/posts\/993\/revisions\/995"}],"wp:featuredmedia":[{"embeddable":true,"href":"https:\/\/provinciadigital.com.ar\/index.php?rest_route=\/wp\/v2\/media\/994"}],"wp:attachment":[{"href":"https:\/\/provinciadigital.com.ar\/index.php?rest_route=%2Fwp%2Fv2%2Fmedia&parent=993"}],"wp:term":[{"taxonomy":"category","embeddable":true,"href":"https:\/\/provinciadigital.com.ar\/index.php?rest_route=%2Fwp%2Fv2%2Fcategories&post=993"},{"taxonomy":"post_tag","embeddable":true,"href":"https:\/\/provinciadigital.com.ar\/index.php?rest_route=%2Fwp%2Fv2%2Ftags&post=993"}],"curies":[{"name":"wp","href":"https:\/\/api.w.org\/{rel}","templated":true}]}}